{"id":1049,"date":"2024-12-10T13:46:35","date_gmt":"2024-12-10T15:46:35","guid":{"rendered":"https:\/\/whoweare.elementor.cloud\/?p=1049"},"modified":"2025-01-10T12:37:25","modified_gmt":"2025-01-10T14:37:25","slug":"perception","status":"publish","type":"post","link":"https:\/\/whoweare.elementor.cloud\/fr\/perception\/","title":{"rendered":"La conscience"},"content":{"rendered":"<div data-elementor-type=\"wp-post\" data-elementor-id=\"1049\" class=\"elementor elementor-1049\" data-elementor-post-type=\"post\">\n\t\t\t\t\t\t<section class=\"elementor-section elementor-top-section elementor-element elementor-element-7299763b elementor-section-boxed elementor-section-height-default elementor-section-height-default\" data-id=\"7299763b\" data-element_type=\"section\" data-e-type=\"section\">\n\t\t\t\t\t\t<div class=\"elementor-container elementor-column-gap-default\">\n\t\t\t\t\t<div class=\"elementor-column elementor-col-100 elementor-top-column elementor-element elementor-element-87e3a44\" data-id=\"87e3a44\" data-element_type=\"column\" data-e-type=\"column\">\n\t\t\t<div class=\"elementor-widget-wrap elementor-element-populated\">\n\t\t\t\t\t\t<div class=\"elementor-element elementor-element-5ba6e8d1 elementor-widget elementor-widget-text-editor\" data-id=\"5ba6e8d1\" data-element_type=\"widget\" data-e-type=\"widget\" data-widget_type=\"text-editor.default\">\n\t\t\t\t<div class=\"elementor-widget-container\">\n\t\t\t\t\t\t\t\t\t\n<h3 class=\"wp-block-heading\">Ecce est percipi<\/h3>\n\n<p>N'avons-nous donc pas fait fausse route ? L'id\u00e9e que les choses n'existent que dans notre esprit n'est pas juste - elle semble remettre en question la solidit\u00e9 du sol m\u00eame sous nos pieds.   Cette m\u00eame frustration se retrouve chez Samuel Johnson lorsqu'il donne un coup de pied au rocher.<\/p>\n\n<p>Voici comment son biographe, James Boswell, se souvient de la discussion qu'il a eue avec son ami \u00e0 la sortie de l'\u00e9glise, un dimanche de 1763 :\u00a0<\/p>\n\n<p><em>Nous avons discut\u00e9 pendant un certain temps de l'ing\u00e9nieux sophisme de l'\u00e9v\u00eaque Berkeley pour prouver l'inexistence de la mati\u00e8re et que chaque chose dans l'univers est simplement id\u00e9ale. J'ai fait remarquer que, bien que nous soyons convaincus que sa doctrine n'est pas vraie, il est impossible de la r\u00e9futer. Je n'oublierai jamais l'empressement avec lequel Johnson r\u00e9pondit, en frappant du pied avec force contre une grosse pierre, jusqu'\u00e0 ce qu'il en rebondisse : \"Je la r\u00e9fute <\/em><strong><em>ainsi<\/em><\/strong><em>\".<\/em><\/p>\n\n<p>Ce qui \u00e9tait r\u00e9fut\u00e9 par la douleur qui lui traversait le pied \u00e9tait le principe d'immat\u00e9rialisme de l'\u00e9v\u00eaque Berkeley, \u00e0 savoir que \"\u00eatre, c'est \u00eatre per\u00e7u\" - ou \"esse est percipi\" en latin (parce que les trucs intelligentes s'\u00e9noncent mieux en latin).\u00a0\u00a0<\/p>\n\n<p>L'affirmation de Berkeley selon laquelle \"tout ce qui est imperceptible n'existe pas\" semble \u00eatre une pure baliverne - je veux dire quand les trous noirs ou les atomes ont-ils commenc\u00e9 \u00e0 exister ?  Quand leur existence possible a-t-elle \u00e9t\u00e9 propos\u00e9e pour la premi\u00e8re fois ?  Lorsque nous avons finalement r\u00e9ussi \u00e0 en photographier un ?\u00a0<\/p>\n\n<p>Malheureusement, la c\u00e9l\u00e8bre r\u00e9futation de Johnson \u00e9choue.  Elle a toutefois \u00e9t\u00e9 class\u00e9e parmi les sophismes logiques bien connus comme \"l'appel \u00e0 la pierre\" ou \"argumentum ad lapidem\" - bravo Samuel Johnson !<\/p>\n\n<h3 class=\"wp-block-heading\">Honn\u00eatet\u00e9 intellectuelle<\/h3>\n\n<p>Les <a href=\"https:\/\/www.pesec.no\/24-most-common-logical-fallacies\/\">sophismes<\/a> sont des erreurs de raisonnement que nous commettons souvent parce qu'elles semblent solides, qu'elles font appel \u00e0 notre bon sens.  Notre cerveau est naturellement attir\u00e9 par certains modes de pens\u00e9e irrationnels.  Les exemples les plus fr\u00e9quents sont : le sophisme ad hominem, le sophisme de la bande ou l'appel \u00e0 l'autorit\u00e9 - autant d'exemples de la mani\u00e8re dont la sph\u00e8re sociale affecte notre capacit\u00e9 \u00e0 raisonner efficacement.<\/p>\n\n<p>Donner un coup de pied dans un rocher ne va pas \u00e0 l'encontre de l'id\u00e9e que la perception et l'existence sont li\u00e9es d'une mani\u00e8re ou d'une autre, puisque c'est mon exp\u00e9rience du rocher qui d\u00e9termine sa r\u00e9alit\u00e9 apparente.   La faiblesse de Johnson ne signifie pas pour autant qu'il a tort, mais simplement que la diff\u00e9rence entre quelque chose qui n'existe pas et quelque chose qui ne peut pas \u00eatre d\u00e9tect\u00e9 est encore floue.<\/p>\n\n<p><a href=\"https:\/\/whoweare.elementor.cloud\/fr\/idealism\/\">Kastrup<\/a> est \u00e9galement coupable d'un mauvais raisonnement ou d'une l\u00e9g\u00e8re malhonn\u00eatet\u00e9 dans ses arguments contre le mat\u00e9rialisme.  Par exemple, il s\u00e9lectionne les questions scientifiques qui soutiennent son argumentation tout en n\u00e9gligeant celles qui la remettent en cause.  Il utilise par exemple une interpr\u00e9tation populaire du \"principe de l'observateur\" en physique quantique, tout en ignorant le mod\u00e8le consensuel sur le cerveau et la perception.<\/p>\n\n<figure class=\"wp-block-image size-full is-resized\"><img fetchpriority=\"high\" decoding=\"async\" width=\"500\" height=\"500\" class=\"wp-image-1051\" style=\"width: 365px; height: auto;\" src=\"https:\/\/whoweare.elementor.cloud\/wp-content\/uploads\/2024\/12\/fallingrockswithcow-500x500-1.jpg\" alt=\"\" srcset=\"https:\/\/whoweare.elementor.cloud\/wp-content\/uploads\/2024\/12\/fallingrockswithcow-500x500-1.jpg 500w, https:\/\/whoweare.elementor.cloud\/wp-content\/uploads\/2024\/12\/fallingrockswithcow-500x500-1-300x300.jpg 300w, https:\/\/whoweare.elementor.cloud\/wp-content\/uploads\/2024\/12\/fallingrockswithcow-500x500-1-150x150.jpg 150w, https:\/\/whoweare.elementor.cloud\/wp-content\/uploads\/2024\/12\/fallingrockswithcow-500x500-1-12x12.jpg 12w\" sizes=\"(max-width: 500px) 100vw, 500px\" \/>\n<figcaption class=\"wp-element-caption\">danger imminent<\/figcaption>\n<\/figure>\n\n<p>Ce que le rocher met en \u00e9vidence, c'est le fait qu'il ne peut \u00eatre ignor\u00e9 - ou que les rochers sont ignor\u00e9s \u00e0 vos risques et p\u00e9rils.  Nous devons faire face \u00e0 ce que nous voyons.  L'exploration de myst\u00e8res cach\u00e9s sur la base d'une simple sp\u00e9culation ou d'une philosophie de salon peut souvent \u00eatre int\u00e9ressante et parfois m\u00eame utile, mais elle est circulaire et incompl\u00e8te.  Les id\u00e9es prennent vie lorsqu'elles sont confront\u00e9es au monde.  Produisent-elles des pr\u00e9dictions exactes ?  Conduisent-elles au conflit ou \u00e0 la transformation ?<\/p>\n\n<p>Il se peut que des th\u00e9i\u00e8res non encore d\u00e9tect\u00e9es soient en orbite autour d'une plan\u00e8te extraterrestre.  Certaines de ces th\u00e9i\u00e8res pourraient m\u00eame contenir de minuscules dragons cracheurs de feu ou les r\u00e9ponses \u00e0 tous les myst\u00e8res de la vie, ce qui serait fantastique.\u00a0\u00a0<\/p>\n\n<p>La d\u00e9couverte de ces th\u00e9i\u00e8res particuli\u00e8res ajouterait certainement \u00e0 la somme des connaissances humaines.  Donc, si vous pouvez imaginer, sans quitter votre fauteuil, pourquoi elles pourraient exister et o\u00f9 elles se trouvent, nous voulons le savoir.  Mais tant que nous ne les aurons pas trouv\u00e9es, il serait injustifi\u00e9 de vivre notre vie en fonction de ce que veulent les dragons de la th\u00e9i\u00e8re.<\/p>\n\n<p>Les id\u00e9alistes purs et durs imaginent que le fondement cr\u00e9atif de l'univers, qui n'a pas encore \u00e9t\u00e9 d\u00e9tect\u00e9, est comme nous.  Notre exp\u00e9rience du monde est un \u00e9tat mental, et c'est donc tout ce qu'il y a dans l'existence.  Mais pourquoi ?  Pourquoi mes limites seraient-elles celles de l'univers ?  Le fait que mon exp\u00e9rience d'un arbre soit manifestement subjective, limit\u00e9e et probablement incorrecte ne prouve en rien que les arbres n'existent pas.  Ou qu'aucun ph\u00e9nom\u00e8ne ressemblant \u00e0 un arbre ne peut exister en mon absence.<\/p>\n\n<h3 class=\"wp-block-heading\">Difficile ou complexe<\/h3>\n\n<p>L'id\u00e9e que l'esprit est en quelque sorte \u00e0 la base de tout est redevenue populaire gr\u00e2ce au \"probl\u00e8me difficile de la conscience\".  Ce probl\u00e8me a \u00e9t\u00e9 popularis\u00e9 par le philosophe David Chalmers.  Il s'agit de savoir s'il est difficile pour nous d'accepter que l'esprit puisse na\u00eetre de la mati\u00e8re.\u00a0\u00a0<\/p>\n\n<p>Nous pouvons plus ou moins comprendre l'id\u00e9e que les pierres et les chaises sont des choses qui apparaissent dans notre conscience - en d'autres termes, que la mati\u00e8re est quelque chose dont nous faisons l'exp\u00e9rience.  Mais l'id\u00e9e que des objets puissent \u00eatre assembl\u00e9s de mani\u00e8re \u00e0 produire des pens\u00e9es et des sentiments nous semble trop bizarre.\u00a0\u00a0<\/p>\n\n<p>Pourquoi les atomes, les mol\u00e9cules et les cellules dispos\u00e9s sous forme de mati\u00e8re c\u00e9r\u00e9brale produiraient-ils soudainement des espoirs et des r\u00eaves ?<\/p>\n\n<p>Bien entendu, Chalmers est f\u00e9ru d'id\u00e9alisme : si tout est fait de conscience, ou si l'esprit est en quelque sorte fondamental, le probl\u00e8me difficile dispara\u00eet.<\/p>\n\n<p>Soudain, le panpsychisme ne semble plus aussi fou - surtout si nous l'appelons : Th\u00e9orie de l'information int\u00e9gr\u00e9e (TII).\u00a0\u00a0<\/p>\n\n<p>La conscience peut \u00eatre consid\u00e9r\u00e9e comme un spectre - nous sommes capables d'identifier des degr\u00e9s de conscience, par exemple une personne faisant une sieste est moins alerte qu'une personne jouant au badminton.  L'IIT s'inspire de ce principe et affirme qu'une pierre est \u00e9galement consciente.<\/p>\n\n<p>Les roches sont conscientes parce que le fait qu'elles r\u00e9agissent \u00e0 leur environnement - par exemple, elles tombent sur le sol lorsqu'on les laisse tomber, elles s'\u00e9rodent avec le temps - signifie qu'elles \"traitent de l'information\".  Selon l'IIT, la capacit\u00e9 d'une pierre \u00e0 \"traiter des donn\u00e9es\" de cette mani\u00e8re est une indication d'un minuscule degr\u00e9 de \"conscience\" - une sorte de proto-conscience.\u00a0<\/p>\n\n<p>L'avenir nous dira si l'IIT peut r\u00e9ellement devenir une th\u00e9orie scientifique \u00e0 part enti\u00e8re, ou s'il se contente de jouer avec notre vision du monde \u00e0 l'aide de jeux de mots astucieux.  Si l'IIT pouvait expliquer en quoi une feuille inconsciente soufflant dans le vent diff\u00e8re d'une feuille consciente, ce serait un bon d\u00e9but.<\/p>\n\n<figure class=\"wp-block-image size-full is-resized\"><img decoding=\"async\" class=\"wp-image-1052\" style=\"width: 432px; height: auto;\" src=\"https:\/\/whoweare.elementor.cloud\/wp-content\/uploads\/2024\/12\/conscious-leaf.png\" alt=\"\" \/>\n<figcaption class=\"wp-element-caption\">l'humeur feuillu<\/figcaption>\n<\/figure>\n\n<p>Le \"probl\u00e8me difficile\" est peut-\u00eatre plus une question philosophique que scientifique. De nombreux neurologues du domaine ne s'en pr\u00e9occupent pas particuli\u00e8rement.  Le neuroscientifique Anil Seth, par exemple, se pr\u00e9occupe davantage de ce qu'il appelle le \"vrai probl\u00e8me\".<\/p>\n\n<p>Pour le Dr Seth, notre r\u00e9sistance \u00e0 consid\u00e9rer l'esprit comme une simple propri\u00e9t\u00e9 \u00e9mergente de la mati\u00e8re est similaire aux d\u00e9bats que nous avions auparavant sur la vie.  La vie est-elle une substance magique ind\u00e9pendante et flottante qui p\u00e9n\u00e8tre dans le corps, le transformant ainsi de mati\u00e8re inn\u00e9e en \u00eatre vivant ?  Ou bien la biologie est-elle un ph\u00e9nom\u00e8ne qui \u00e9merge automatiquement de certaines interactions physiques et chimiques ?\u00a0\u00a0<\/p>\n\n<p>Tout comme nous avions du mal avec l'id\u00e9e que la vie pouvait na\u00eetre de la non-vie (abiogen\u00e8se), nous luttons aujourd'hui avec l'id\u00e9e que l'esprit peut na\u00eetre de la mati\u00e8re.<\/p>\n\n<p>Pendant ce temps, Anil Seth et ses coll\u00e8gues se consacrent \u00e0 l'\u00e9tude du mesurable plut\u00f4t qu'\u00e0 la r\u00e9flexion m\u00e9taphysique.  Jetons un coup d'\u0153il rapide \u00e0 ce que son livre \"Being you\" a \u00e0 dire sur le sujet :<\/p>\n\n<h3 class=\"wp-block-heading\">\u00catre vous<\/h3>\n\n<p>Le message principal du livre est que nous ne percevons pas les choses telles qu'elles sont.  Nous sommes ce que le Dr Seth appelle des \"machines \u00e0 pr\u00e9dire\", estimant et hallucinant (selon ses termes) notre monde et notre personne.   Ces images de la r\u00e9alit\u00e9, ou notre exp\u00e9rience de ce qui se passe, sont produites par le cerveau sur la base de la m\u00e9moire et des donn\u00e9es qu'il re\u00e7oit des sens.<\/p>\n\n<p>On a l'impression que le monde est un ensemble d'objets et que nos sens sont comme des fen\u00eatres transparentes sur ce monde.\u00a0\u00a0<\/p>\n\n<p>Nous avons l'impression de percevoir directement le monde \u00e0 travers ces fen\u00eatres.\u00a0\u00a0<\/p>\n\n<p>Nous pensons na\u00efvement que nous sommes des organismes d\u00e9tecteurs de v\u00e9rit\u00e9.  Par exemple, lorsque nous interagissons avec une tasse de caf\u00e9, il semble que cette exp\u00e9rience sujet\/objet soit un r\u00e9sultat in\u00e9vitable et inh\u00e9rent aux circonstances.  Il y a une tasse de caf\u00e9 sur la table et moi, l'observateur, qui regarde la tasse.   Ce qui est per\u00e7u semble d\u00e9couler in\u00e9vitablement, n\u00e9cessairement, de la relation entre les entit\u00e9s r\u00e9elles pr\u00e9sentes : moi \"ici\" et la tasse \"l\u00e0-bas\".<\/p>\n\n<p>Cela peut \u00eatre vrai dans le sens o\u00f9 je n'ai pas le choix : il est in\u00e9vitable que mon activit\u00e9 neuronale particuli\u00e8re produise une exp\u00e9rience particuli\u00e8re.  D'un autre c\u00f4t\u00e9, il est douteux que tous les cerveaux humains produisent exactement la m\u00eame exp\u00e9rience, et si nous consid\u00e9rons l'exp\u00e9rience des araign\u00e9es... tous les paris sont ouverts.<\/p>\n\n<p>C'est donc notre cerveau, et non les objets suppos\u00e9s per\u00e7us, qui est la cl\u00e9.  C'est la mati\u00e8re grise dans ma t\u00eate qui est \u00e0 l'origine de toute cette aventure avec la tasse de caf\u00e9.<\/p>\n\n<p>Mon cerveau produit le sentiment d'\u00eatre moi-m\u00eame et d'interagir avec tous les autres entit\u00e9s qu'il a cr\u00e9\u00e9s.\u00a0\u00a0<\/p>\n\n<p>Il d\u00e9cide de ce \u00e0 quoi ressemble mon monde en devinant - ou si cela semble trop d\u00e9sinvolte : en se basant sur les probabilit\u00e9s.  Il fait la meilleure pr\u00e9diction possible sur ce qui se passe - et donc sur ce que je devrais voir - en se basant sur toutes les informations qu'il re\u00e7oit.  Cela inclut les donn\u00e9es qu'il re\u00e7oit de tous les sens, c'est-\u00e0-dire des oreilles, des yeux, de la peau, etc. ainsi que de la m\u00e9moire.\u00a0\u00a0<\/p>\n\n<p>Les donn\u00e9es sont compar\u00e9es \u00e0 des \u00e9v\u00e9nements similaires du pass\u00e9 pour produire une image neuronale - Seth utilise le terme \"fantaisie neuronale\" car l'exp\u00e9rience n'est pas exclusivement visuelle.  Et cette image, nous la prenons pour une relation directe avec le monde, ce que nous prenons pour une fen\u00eatre transparente sur la v\u00e9rit\u00e9.<\/p>\n\n<p>Cette image est constamment affin\u00e9e.  Le cerveau r\u00e9ajuste sans cesse ce que nous voyons \u00e0 mesure que de nouvelles donn\u00e9es arrivent, g\u00e9n\u00e9ralement en pr\u00e9servant la continuit\u00e9 de notre r\u00e9alit\u00e9.  Par exemple, si nous sortons une feuille de papier blanc \u00e0 l'ext\u00e9rieur, elle continuera \u00e0 avoir la m\u00eame apparence que lorsque nous l'avons vue \u00e0 l'int\u00e9rieur.  Bien que les informations fournies par nos yeux aient chang\u00e9 - l'\u00e9clairage a chang\u00e9, nos yeux se sont adapt\u00e9s \u00e0 la lumi\u00e8re changeante - l'apparence du papier reste la m\u00eame pour nous.\u00a0\u00a0<\/p>\n\n<p>Regardez la figure ci-dessous.  Il s'agit d'une mosa\u00efque de 6 photos que j'ai prises d'une feuille blanche \u00e0 diff\u00e9rents endroits, en commen\u00e7ant par mon bureau en haut \u00e0 gauche, en passant par mon balcon ombrag\u00e9, jusqu'\u00e0 un endroit ensoleill\u00e9 dans le jardin en bas \u00e0 droite.<\/p>\n\n<figure class=\"wp-block-image size-full is-resized\"><img decoding=\"async\" class=\"wp-image-1050\" style=\"width: 370px; height: auto;\" src=\"https:\/\/whoweare.elementor.cloud\/wp-content\/uploads\/2024\/12\/papermix.png\" alt=\"\" \/>\n<figcaption class=\"wp-element-caption\">blanc ?<\/figcaption>\n<\/figure>\n\n<p>Si nous pouvons faire confiance \u00e0 mon appareil photo (ou si vous r\u00e9alisez l'exp\u00e9rience vous-m\u00eame), nous devons admettre que la teinte ou la couleur de la feuille de papier est modifi\u00e9e au fur et \u00e0 mesure qu'elle se d\u00e9place dans son environnement.  L'apparence constante de blancheur que j'obtenais ne peut donc pas \u00eatre due \u00e0 la qualit\u00e9 de l'objet \"l\u00e0-bas\".  L'objet me paraissait toujours blanc, mais ma perception de la blancheur n'\u00e9tait pas le reflet exact d'un ph\u00e9nom\u00e8ne ind\u00e9pendant.\u00a0<\/p>\n\n<p>Lorsque nous nous accordons sur une v\u00e9rit\u00e9 objective concernant le monde - comme les qualit\u00e9s d'une feuille de papier - nous partons simplement du principe que nous partageons la m\u00eame appr\u00e9ciation.  Ce qui est probablement correct, \u00e9tant donn\u00e9 que nous partageons tous des environnements et des synapses tr\u00e8s similaires.\u00a0<\/p>\n\n<p>La rougeur ou la blancheur est une exp\u00e9rience ph\u00e9nom\u00e9nologique subjective de la fa\u00e7on dont la lumi\u00e8re se refl\u00e8te sur les objets.   La couleur est la fa\u00e7on dont nous percevons la lumi\u00e8re lorsqu'elle interagit avec son environnement.  C'est ce que signifie l'exp\u00e9rience : comment nous nous sentons dans le monde - et non pas comment le monde est.  La couleur, la forme, la solidit\u00e9, la texture, la temp\u00e9rature, etc. sont des projections neurologiques.\u00a0\u00a0<\/p>\n\n<p>Ainsi, ce que nous appelons \"r\u00e9alit\u00e9 objective\" peut \u00eatre d\u00e9fini comme une \"hallucination partag\u00e9e\", c'est-\u00e0-dire un consensus sur ce que nous percevons.\u00a0<\/p>\n\n<p>Il y a une autre implication importante dans ce processus o\u00f9 mon cerveau affine constamment sa projection pr\u00e9dictive du monde sur la base des donn\u00e9es sensorielles et de la m\u00e9moire.  C'est que nous ne d\u00e9couvrons pratiquement jamais rien de compl\u00e8tement nouveau ou d'original.\u00a0\u00a0<\/p>\n\n<p>Le fait que les images neurologiques produites soient des pr\u00e9dictions bas\u00e9es sur des exp\u00e9riences ant\u00e9rieures signifie in\u00e9vitablement que je reconnais toujours, au mieux, une sorte de r\u00e9interpr\u00e9tation du pass\u00e9.\u00a0<\/p>\n\n<p>Prenons l'exemple de la premi\u00e8re fois que j'ai vu un gorille ou que j'ai d\u00e9couvert le concept de gorille.  M\u00eame ce premier gorille n'\u00e9tait pas totalement nouveau pour moi.  Je l'ai imm\u00e9diatement reconnu comme un exemple l\u00e9g\u00e8rement diff\u00e9rent de quelque chose de familier : un \u00e9norme singe \u00e0 fourrure peut-\u00eatre, un type dans un costume de Y\u00e9ti g\u00e9ant, un monstre des royaumes d\u00e9moniaques venu pour avaler mon \u00e2me, etc.<\/p>\n\n<p>Quoi qu'il en soit, le fait est que mon exp\u00e9rience de la r\u00e9alit\u00e9 d\u00e9pend en grande partie de la familiarit\u00e9.<\/p>\n\n<h3 class=\"wp-block-heading\">La familiarit\u00e9 favorise la plausibilit\u00e9<\/h3>\n\n<p>Les neurologues nous disent que notre cerveau est assis dans une bo\u00eete sombre et s\u00e9curis\u00e9e (le cr\u00e2ne) et qu'il doit d\u00e9duire des causes cach\u00e9es des donn\u00e9es qu'il re\u00e7oit des sens.  Il fait des pr\u00e9dictions sur ces donn\u00e9es sensorielles, re\u00e7ues sous forme d'impulsions \u00e9lectriques, et cr\u00e9e une image sensuelle qui semble absolument authentique et irr\u00e9futable.\u00a0\u00a0<\/p>\n\n<p>Les neurosciences ont \u00e9labor\u00e9 ce mod\u00e8le de perception en examinant ce qui est observable et mesurable.  Nous demandons aux gens ce qu'ils voient, nous jouons avec diff\u00e9rentes longueurs d'onde, nous mesurons l'activit\u00e9 \u00e9lectrique dans le cerveau, etc... Et nous construisons un mod\u00e8le qui correspond le mieux aux donn\u00e9es.\u00a0\u00a0<\/p>\n\n<p>C'est ce qu'Anil Seth appelle le \"vrai probl\u00e8me\" de la conscience : produire les mod\u00e8les les plus pr\u00e9cis possibles de ce qui se passe r\u00e9ellement, en fonction des preuves disponibles.\u00a0<\/p>\n\n<p>Le \"probl\u00e8me difficile\" est l'expression de l'\u00e9tranget\u00e9 du mod\u00e8le consensuel de la conscience.  Bizarre parce qu'il contredit des sentiments et des croyances familiers.\u00a0\u00a0<\/p>\n\n<p>Les choses courantes semblent normales et nous n'avons donc pas tendance \u00e0 remettre en question nos hypoth\u00e8ses quotidiennes.  Je me sens tout \u00e0 fait en s\u00e9curit\u00e9 dans ma compr\u00e9hension des chaises et des pierres.   Mes croyances religieuses me paraissent tout \u00e0 fait l\u00e9gitimes et raisonnables, alors que les v\u00f4tres me semblent tout \u00e0 fait scandaleuses et stupides.\u00a0\u00a0<\/p>\n\n<p>L'id\u00e9e que des processus \u00e9lectrochimiques puissent g\u00e9n\u00e9rer des exp\u00e9riences conscientes contredit ma vision du monde, elle semble d\u00e9raisonnable, difficile \u00e0 croire ou \u00e0 comprendre.   J'exprime donc ma difficult\u00e9 : pourquoi l'activit\u00e9 de mon syst\u00e8me nerveux central produirait-elle des espoirs et des r\u00eaves ?  Comment cela fonctionne-t-il exactement ?\u00a0\u00a0<\/p>\n\n<p>Des questions difficiles qui pourraient un jour susciter des r\u00e9ponses utiles.  Mais cela me rappelle que je ne sais pas vraiment pourquoi les pierres tombent sur le sol, ni comment ma chaise supporte mon poids.\u00a0\u00a0\u00a0<\/p>\n\n<p>Les pierres tombent parce que la masse de la Terre a cr\u00e9\u00e9 un puits de gravit\u00e9 dans l'espace-temps.  Je peux r\u00e9p\u00e9ter l'explication scientifique que je connais, mais je ne sais pas vraiment comment ou pourquoi la masse cr\u00e9e un puits dans l'espace-temps.  La chaise me tient debout gr\u00e2ce \u00e0 la danse des \u00e9lectrons, apparemment.  Le fait est que ces \u00e9nigmes quotidiennes ne me troublent pas.  Je suis tout \u00e0 fait satisfait de vivre avec ces myst\u00e8res banals.<\/p>\n\n<div class=\"wp-block-comments\"><h2 id=\"comments\" class=\"wp-block-comments-title\">4 r\u00e9ponses \u00e0 \"Conscience\"<\/h2><ol class=\"wp-block-comment-template\"><li id=\"comment-44\" class=\"comment even thread-even depth-1\">\n<div class=\"wp-block-columns is-layout-flex wp-container-core-columns-is-layout-28f84493 wp-block-columns-is-layout-flex\">\n<div class=\"wp-block-column is-layout-flow wp-block-column-is-layout-flow\" style=\"flex-basis: 40px;\"><div class=\"wp-block-avatar\"><img alt='Avatar de UteS' src='https:\/\/secure.gravatar.com\/avatar\/ec4c7cc501c8a1dba4b809548562e7af9bdb88b69a4e749b767624e67cedbacc?s=40&#038;d=mm&#038;r=g' srcset='https:\/\/secure.gravatar.com\/avatar\/ec4c7cc501c8a1dba4b809548562e7af9bdb88b69a4e749b767624e67cedbacc?s=80&#038;d=mm&#038;r=g 2x' class='avatar avatar-40 photo wp-block-avatar__image' height='40' width='40'  style=\"border-radius:20px;\"\/><\/div><\/div>\n\n<div class=\"wp-block-column is-layout-flow wp-block-column-is-layout-flow\"><div class=\"wp-block-comment-author-name has-small-font-size\">UteS<\/div>\n<div class=\"wp-block-group is-layout-flex wp-block-group-is-layout-flex\" style=\"margin-top: 0px; margin-bottom: 0px;\"><div class=\"wp-block-comment-date has-small-font-size\"><time datetime=\"2025-02-01T15:41:19-02:00\"><a href=\"https:\/\/whoweare.elementor.cloud\/fr\/perception\/#comment-44\">1er f\u00e9vrier 2025<\/a><\/time><\/div><\/div>\n<div class=\"wp-block-comment-content\"><p>Comment naissent les espoirs et les r\u00eaves ?<br \/>\nJe ne connais pas la r\u00e9ponse, mais je trouve les ph\u00e9nom\u00e8nes eux-m\u00eames int\u00e9ressants. Il est fascinant que la lumi\u00e8re soit pr\u00e9sente dans les r\u00eaves, par exemple, ou que les souvenirs puissent se d\u00e9rouler comme des films internes alors que l'environnement ext\u00e9rieur r\u00e9el s'estompe.<br \/>\nOu la couleur r\u00e9elle de la feuille de papier dans diff\u00e9rentes conditions d'\u00e9clairage :<br \/>\nOn pourrait d\u00e9crire la couleur de la mer comme \u00e9tant bleue - si vous restez longtemps au bord de la mer et que vous avez le temps de la regarder, selon le temps, elle peut \u00eatre noire comme du verre volcanique bris\u00e9, d'un turquoise profond, comme si elle \u00e9tait recouverte d'un film plastique, compl\u00e8tement plate et argent\u00e9e ou effroyablement agit\u00e9e d'un bleu-gris terne et de bien d'autres manifestations.<br \/>\nIl semble que nous utilisions \"feuille blanche\" et \"mer bleue\" dans nos pens\u00e9es quotidiennes comme un clich\u00e9 bidimensionnel, comme une \"chose en soi\" s\u00e9par\u00e9e de son contexte. En cons\u00e9quence, ils perdent leur profondeur et leur vitalit\u00e9. Elle devient une image statique que nous traitons.<\/p>\n<\/div><div class=\"wp-block-comment-reply-link has-small-font-size\"><a rel=\"nofollow\" class=\"comment-reply-link\" href=\"#comment-44\" data-commentid=\"44\" data-postid=\"1049\" data-belowelement=\"comment-44\" data-respondelement=\"respond\" data-replyto=\"R\u00e9pondre \u00e0 UteS\" aria-label=\"R\u00e9pondre \u00e0 UteS\">R\u00e9pondre<\/a><\/div><\/div>\n<\/div>\n<ol><li id=\"comment-45\" class=\"comment byuser comment-author-user628ba7ac0c87f bypostauthor odd alt depth-2\">\n<div class=\"wp-block-columns is-layout-flex wp-container-core-columns-is-layout-28f84493 wp-block-columns-is-layout-flex\">\n<div class=\"wp-block-column is-layout-flow wp-block-column-is-layout-flow\" style=\"flex-basis: 40px;\"><div class=\"wp-block-avatar\"><img alt='Avatar de macdougdoug' src='https:\/\/secure.gravatar.com\/avatar\/c4c13c92a74b4c7c0968eb2fea9904b3d057cff916ee0d0cb93538b6dfdba345?s=40&#038;d=mm&#038;r=g' srcset='https:\/\/secure.gravatar.com\/avatar\/c4c13c92a74b4c7c0968eb2fea9904b3d057cff916ee0d0cb93538b6dfdba345?s=80&#038;d=mm&#038;r=g 2x' class='avatar avatar-40 photo wp-block-avatar__image' height='40' width='40'  style=\"border-radius:20px;\"\/><\/div><\/div>\n\n<div class=\"wp-block-column is-layout-flow wp-block-column-is-layout-flow\"><div class=\"wp-block-comment-author-name has-small-font-size\">macdougdoug<\/div>\n<div class=\"wp-block-group is-layout-flex wp-block-group-is-layout-flex\" style=\"margin-top: 0px; margin-bottom: 0px;\"><div class=\"wp-block-comment-date has-small-font-size\"><time datetime=\"2025-02-02T07:24:59-02:00\"><a href=\"https:\/\/whoweare.elementor.cloud\/fr\/perception\/#comment-45\">2 f\u00e9vrier 2025<\/a><\/time><\/div><\/div>\n<div class=\"wp-block-comment-content\"><p>Bonjour UteS, ravi de vous voir ici !  Ce que vous dites me fait penser au langage, et au fait que notre exp\u00e9rience du monde fond\u00e9e sur des images statiques ou des clich\u00e9s \u00e9tait probablement n\u00e9cessaire \u00e0 l'\u00e9volution du langage.  Les mots sont des symboles pour les images fixes ou les concepts, c'est-\u00e0-dire les choses qui existent dans notre conscience.<\/p>\n<\/div><div class=\"wp-block-comment-reply-link has-small-font-size\"><a rel=\"nofollow\" class=\"comment-reply-link\" href=\"#comment-45\" data-commentid=\"45\" data-postid=\"1049\" data-belowelement=\"comment-45\" data-respondelement=\"respond\" data-replyto=\"R\u00e9pondre \u00e0 macdougdoug\" aria-label=\"R\u00e9pondre \u00e0 macdougdoug\">R\u00e9pondre<\/a><\/div><\/div>\n<\/div>\n<\/li><\/ol><\/li><li id=\"comment-46\" class=\"comment even thread-odd thread-alt depth-1\">\n<div class=\"wp-block-columns is-layout-flex wp-container-core-columns-is-layout-28f84493 wp-block-columns-is-layout-flex\">\n<div class=\"wp-block-column is-layout-flow wp-block-column-is-layout-flow\" style=\"flex-basis: 40px;\"><div class=\"wp-block-avatar\"><img alt='Avatar de UteS' src='https:\/\/secure.gravatar.com\/avatar\/ec4c7cc501c8a1dba4b809548562e7af9bdb88b69a4e749b767624e67cedbacc?s=40&#038;d=mm&#038;r=g' srcset='https:\/\/secure.gravatar.com\/avatar\/ec4c7cc501c8a1dba4b809548562e7af9bdb88b69a4e749b767624e67cedbacc?s=80&#038;d=mm&#038;r=g 2x' class='avatar avatar-40 photo wp-block-avatar__image' height='40' width='40'  style=\"border-radius:20px;\"\/><\/div><\/div>\n\n<div class=\"wp-block-column is-layout-flow wp-block-column-is-layout-flow\"><div class=\"wp-block-comment-author-name has-small-font-size\">UteS<\/div>\n<div class=\"wp-block-group is-layout-flex wp-block-group-is-layout-flex\" style=\"margin-top: 0px; margin-bottom: 0px;\"><div class=\"wp-block-comment-date has-small-font-size\"><time datetime=\"2025-02-03T17:07:54-02:00\"><a href=\"https:\/\/whoweare.elementor.cloud\/fr\/perception\/#comment-46\">3 f\u00e9vrier 2025<\/a><\/time><\/div><\/div>\n<div class=\"wp-block-comment-content\"><p>Bonjour Macdougdoug - joli blog qui soul\u00e8ve des questions int\u00e9ressantes. J'aurais d\u00fb commencer par l\u00e0 \ud83d\ude42<\/p>\n<p> Ces images et concepts fig\u00e9s semblent \u00e9galement jouer un r\u00f4le important :<br \/>\n\"Les sophismes logiques sont des erreurs de raisonnement que nous commettons souvent parce qu'elles semblent solides, qu'elles font appel \u00e0 notre bon sens.  Notre cerveau est naturellement attir\u00e9 par certains modes de pens\u00e9e irrationnels.  Les exemples les plus fr\u00e9quents sont : le sophisme ad hominem, le sophisme de la bande ou l'appel \u00e0 l'autorit\u00e9 - qui sont tous des exemples de la mani\u00e8re dont la sph\u00e8re sociale affecte notre capacit\u00e9 \u00e0 raisonner efficacement\".<\/p>\n<p> Il me semble que les sophismes mentionn\u00e9s sont un refus de s'engager sur une question. Une d\u00e9claration va \u00e0 l'encontre de votre propre opinion et vous ne voulez pas qu'elle soit remise en question. Comme vous n'avez m\u00eame pas envie d'\u00e9couter une opinion diff\u00e9rente, vous pr\u00e9f\u00e9rez disqualifier la personne, vous r\u00e9f\u00e9rer \u00e0 l'opinion dominante ou argumenter sur quelque chose qui n'a m\u00eame pas \u00e9t\u00e9 dit (argument de l'homme de paille) ou encore rabrouer l'autre personne d'embl\u00e9e, en voulant bannir l'autre point de vue ou l'autre approche.<br \/>\n Vous ne voulez m\u00eame pas entendre ce qui se dit. Une \u00e9norme d\u00e9fense qui ne peut \u00eatre expliqu\u00e9e rationnellement.<\/p>\n<\/div><div class=\"wp-block-comment-reply-link has-small-font-size\"><a rel=\"nofollow\" class=\"comment-reply-link\" href=\"#comment-46\" data-commentid=\"46\" data-postid=\"1049\" data-belowelement=\"comment-46\" data-respondelement=\"respond\" data-replyto=\"R\u00e9pondre \u00e0 UteS\" aria-label=\"R\u00e9pondre \u00e0 UteS\">R\u00e9pondre<\/a><\/div><\/div>\n<\/div>\n<ol><li id=\"comment-47\" class=\"comment byuser comment-author-user628ba7ac0c87f bypostauthor odd alt depth-2\">\n<div class=\"wp-block-columns is-layout-flex wp-container-core-columns-is-layout-28f84493 wp-block-columns-is-layout-flex\">\n<div class=\"wp-block-column is-layout-flow wp-block-column-is-layout-flow\" style=\"flex-basis: 40px;\"><div class=\"wp-block-avatar\"><img alt='Avatar de macdougdoug' src='https:\/\/secure.gravatar.com\/avatar\/c4c13c92a74b4c7c0968eb2fea9904b3d057cff916ee0d0cb93538b6dfdba345?s=40&#038;d=mm&#038;r=g' srcset='https:\/\/secure.gravatar.com\/avatar\/c4c13c92a74b4c7c0968eb2fea9904b3d057cff916ee0d0cb93538b6dfdba345?s=80&#038;d=mm&#038;r=g 2x' class='avatar avatar-40 photo wp-block-avatar__image' height='40' width='40'  style=\"border-radius:20px;\"\/><\/div><\/div>\n\n<div class=\"wp-block-column is-layout-flow wp-block-column-is-layout-flow\"><div class=\"wp-block-comment-author-name has-small-font-size\">macdougdoug<\/div>\n<div class=\"wp-block-group is-layout-flex wp-block-group-is-layout-flex\" style=\"margin-top: 0px; margin-bottom: 0px;\"><div class=\"wp-block-comment-date has-small-font-size\"><time datetime=\"2025-02-04T07:02:03-02:00\"><a href=\"https:\/\/whoweare.elementor.cloud\/fr\/perception\/#comment-47\">4 f\u00e9vrier 2025<\/a><\/time><\/div><\/div>\n<div class=\"wp-block-comment-content\"><p>Oui, cela semble \u00eatre le principal probl\u00e8me de notre relation avec le monde.  Le fait que ce que je dis ou fais semble si important.  \u00c0 tel point que je m'accroche \u00e0 la stupidit\u00e9 ou que je me bats avec mon voisin lorsqu'on me met au d\u00e9fi.  L'autorit\u00e9 du moi inclut la confusion et le conflit que nous voyons dans le monde.<\/p>\n<\/div><div class=\"wp-block-comment-reply-link has-small-font-size\"><a rel=\"nofollow\" class=\"comment-reply-link\" href=\"#comment-47\" data-commentid=\"47\" data-postid=\"1049\" data-belowelement=\"comment-47\" data-respondelement=\"respond\" data-replyto=\"R\u00e9pondre \u00e0 macdougdoug\" aria-label=\"R\u00e9pondre \u00e0 macdougdoug\">R\u00e9pondre<\/a><\/div><\/div>\n<\/div>\n<\/li><\/ol><\/li><\/ol>\t<div id=\"respond\" class=\"comment-respond wp-block-post-comments-form\">\n\t\t<h3 id=\"reply-title\" class=\"comment-reply-title\">Laisser un commentaire <small><a rel=\"nofollow\" id=\"cancel-comment-reply-link\" href=\"\/fr\/wp-json\/wp\/v2\/posts\/1049#respond\" style=\"display:none;\">Annuler la r\u00e9ponse<\/a><\/small><\/h3><form action=\"https:\/\/whoweare.elementor.cloud\/wp-comments-post.php\" method=\"post\" id=\"commentform\" class=\"comment-form\" data-trp-original-action=\"https:\/\/whoweare.elementor.cloud\/wp-comments-post.php\"><p class=\"comment-notes\"><span id=\"email-notes\">Votre adresse e-mail ne sera pas publi\u00e9e.<\/span> <span class=\"required-field-message\">Les champs obligatoires sont indiqu\u00e9s avec <span class=\"required\">*<\/span><\/span><\/p><p class=\"comment-form-comment\"><label for=\"comment\">Commentaire <span class=\"required\">*<\/span><\/label> <textarea id=\"comment\" name=\"comment\" cols=\"45\" rows=\"8\" maxlength=\"65525\" required><\/textarea><\/p><p class=\"comment-form-author\"><label for=\"author\">Nom <span class=\"required\">*<\/span><\/label> <input id=\"author\" name=\"author\" type=\"text\" value=\"\" size=\"30\" maxlength=\"245\" autocomplete=\"name\" required \/><\/p>\n<p class=\"comment-form-email\"><label for=\"email\">Courrier \u00e9lectronique <span class=\"required\">*<\/span><\/label> <input id=\"email\" name=\"email\" type=\"email\" value=\"\" size=\"30\" maxlength=\"100\" aria-describedby=\"email-notes\" autocomplete=\"email\" required \/><\/p>\n<p class=\"comment-form-url\"><label for=\"url\">Site web<\/label> <input id=\"url\" name=\"url\" type=\"url\" value=\"\" size=\"30\" maxlength=\"200\" autocomplete=\"url\" \/><\/p>\n<p class=\"comment-form-cookies-consent\"><input id=\"wp-comment-cookies-consent\" name=\"wp-comment-cookies-consent\" type=\"checkbox\" value=\"yes\" \/> <label for=\"wp-comment-cookies-consent\">Enregistrer mon nom, mon e-mail et mon site dans le navigateur pour mon prochain commentaire.<\/label><\/p>\n<p class=\"form-submit\"><input name=\"submit\" type=\"submit\" id=\"submit\" class=\"submit\" value=\"Laisser un commentaire\" \/> <input type='hidden' name='comment_post_ID' value='1049' id='comment_post_ID' \/>\n<input type='hidden' name='comment_parent' id='comment_parent' value='0' \/>\n<\/p><input type=\"hidden\" name=\"trp-form-language\" value=\"fr\"\/><\/form>\t<\/div><!-- #respond -->\n\t<\/div>\n\t\t\t\t\t\t\t\t<\/div>\n\t\t\t\t<\/div>\n\t\t\t\t\t<\/div>\n\t\t<\/div>\n\t\t\t\t\t<\/div>\n\t\t<\/section>\n\t\t\t\t<\/div>","protected":false},"excerpt":{"rendered":"<p>\"Tout ce qui est imperceptible n'existe pas\", c'est de la pure foutaise. <\/p>","protected":false},"author":1687,"featured_media":1051,"comment_status":"open","ping_status":"closed","sticky":false,"template":"","format":"standard","meta":{"footnotes":""},"categories":[68],"tags":[96,97,69,72,98,93,94,95,92,70,71],"class_list":["post-1049","post","type-post","status-publish","format-standard","has-post-thumbnail","hentry","category-consciousness","tag-anil-seth","tag-being-you","tag-consciousness","tag-experience","tag-hard-problem","tag-immaterialism","tag-logical-fallacies","tag-metaphysics","tag-neuroscience","tag-perception","tag-reality"],"yoast_head":"<!-- This site is optimized with the Yoast SEO plugin v27.4 - https:\/\/yoast.com\/product\/yoast-seo-wordpress\/ -->\n<title>Consciousness - whoweare<\/title>\n<meta name=\"description\" content=\"Philosophical questions and scientific answers on how our brains construct reality, and whether things only exist in our minds\" \/>\n<meta name=\"robots\" content=\"index, follow, max-snippet:-1, max-image-preview:large, max-video-preview:-1\" \/>\n<link rel=\"canonical\" href=\"https:\/\/whoweare.elementor.cloud\/fr\/perception\/\" \/>\n<meta property=\"og:locale\" content=\"fr_FR\" \/>\n<meta property=\"og:type\" content=\"article\" \/>\n<meta property=\"og:title\" content=\"Consciousness - whoweare\" \/>\n<meta property=\"og:description\" content=\"Philosophical questions and scientific answers on how our brains construct reality, and whether things only exist in our minds\" \/>\n<meta property=\"og:url\" content=\"https:\/\/whoweare.elementor.cloud\/fr\/perception\/\" \/>\n<meta property=\"og:site_name\" content=\"whoweare\" \/>\n<meta property=\"article:publisher\" content=\"https:\/\/www.facebook.com\/macdougdoug\" \/>\n<meta property=\"article:author\" content=\"https:\/\/www.facebook.com\/macdougdoug\" \/>\n<meta property=\"article:published_time\" content=\"2024-12-10T15:46:35+00:00\" \/>\n<meta property=\"article:modified_time\" content=\"2025-01-10T14:37:25+00:00\" \/>\n<meta property=\"og:image\" content=\"https:\/\/whoweare.elementor.cloud\/wp-content\/uploads\/2024\/12\/fallingrockswithcow-500x500-1.jpg\" \/>\n\t<meta property=\"og:image:width\" content=\"500\" \/>\n\t<meta property=\"og:image:height\" content=\"500\" \/>\n\t<meta property=\"og:image:type\" content=\"image\/jpeg\" \/>\n<meta name=\"author\" content=\"macdougdoug\" \/>\n<meta name=\"twitter:card\" content=\"summary_large_image\" \/>\n<meta name=\"twitter:label1\" content=\"\u00c9crit par\" \/>\n\t<meta name=\"twitter:data1\" content=\"macdougdoug\" \/>\n\t<meta name=\"twitter:label2\" content=\"Dur\u00e9e de lecture estim\u00e9e\" \/>\n\t<meta name=\"twitter:data2\" content=\"11 minutes\" \/>\n<script type=\"application\/ld+json\" class=\"yoast-schema-graph\">{\"@context\":\"https:\\\/\\\/schema.org\",\"@graph\":[{\"@type\":\"Article\",\"@id\":\"https:\\\/\\\/whoweare.elementor.cloud\\\/en\\\/perception\\\/#article\",\"isPartOf\":{\"@id\":\"https:\\\/\\\/whoweare.elementor.cloud\\\/en\\\/perception\\\/\"},\"author\":{\"name\":\"macdougdoug\",\"@id\":\"https:\\\/\\\/whoweare.elementor.cloud\\\/en\\\/#\\\/schema\\\/person\\\/186cc965a635e590458e79b18cf784c4\"},\"headline\":\"Consciousness\",\"datePublished\":\"2024-12-10T15:46:35+00:00\",\"dateModified\":\"2025-01-10T14:37:25+00:00\",\"mainEntityOfPage\":{\"@id\":\"https:\\\/\\\/whoweare.elementor.cloud\\\/en\\\/perception\\\/\"},\"wordCount\":2395,\"commentCount\":4,\"publisher\":{\"@id\":\"https:\\\/\\\/whoweare.elementor.cloud\\\/en\\\/#\\\/schema\\\/person\\\/186cc965a635e590458e79b18cf784c4\"},\"image\":{\"@id\":\"https:\\\/\\\/whoweare.elementor.cloud\\\/en\\\/perception\\\/#primaryimage\"},\"thumbnailUrl\":\"https:\\\/\\\/whoweare.elementor.cloud\\\/wp-content\\\/uploads\\\/2024\\\/12\\\/fallingrockswithcow-500x500-1.jpg\",\"keywords\":[\"Anil Seth\",\"Being you\",\"consciousness\",\"experience\",\"hard problem\",\"immaterialism\",\"logical fallacies\",\"metaphysics\",\"neuroscience\",\"perception\",\"reality\"],\"articleSection\":[\"consciousness\"],\"inLanguage\":\"fr-FR\",\"potentialAction\":[{\"@type\":\"CommentAction\",\"name\":\"Comment\",\"target\":[\"https:\\\/\\\/whoweare.elementor.cloud\\\/en\\\/perception\\\/#respond\"]}]},{\"@type\":\"WebPage\",\"@id\":\"https:\\\/\\\/whoweare.elementor.cloud\\\/en\\\/perception\\\/\",\"url\":\"https:\\\/\\\/whoweare.elementor.cloud\\\/en\\\/perception\\\/\",\"name\":\"Consciousness - whoweare\",\"isPartOf\":{\"@id\":\"https:\\\/\\\/whoweare.elementor.cloud\\\/en\\\/#website\"},\"primaryImageOfPage\":{\"@id\":\"https:\\\/\\\/whoweare.elementor.cloud\\\/en\\\/perception\\\/#primaryimage\"},\"image\":{\"@id\":\"https:\\\/\\\/whoweare.elementor.cloud\\\/en\\\/perception\\\/#primaryimage\"},\"thumbnailUrl\":\"https:\\\/\\\/whoweare.elementor.cloud\\\/wp-content\\\/uploads\\\/2024\\\/12\\\/fallingrockswithcow-500x500-1.jpg\",\"datePublished\":\"2024-12-10T15:46:35+00:00\",\"dateModified\":\"2025-01-10T14:37:25+00:00\",\"description\":\"Philosophical questions and scientific answers on how our brains construct reality, and whether things only exist in our minds\",\"breadcrumb\":{\"@id\":\"https:\\\/\\\/whoweare.elementor.cloud\\\/en\\\/perception\\\/#breadcrumb\"},\"inLanguage\":\"fr-FR\",\"potentialAction\":[{\"@type\":\"ReadAction\",\"target\":[\"https:\\\/\\\/whoweare.elementor.cloud\\\/en\\\/perception\\\/\"]}]},{\"@type\":\"ImageObject\",\"inLanguage\":\"fr-FR\",\"@id\":\"https:\\\/\\\/whoweare.elementor.cloud\\\/en\\\/perception\\\/#primaryimage\",\"url\":\"https:\\\/\\\/whoweare.elementor.cloud\\\/wp-content\\\/uploads\\\/2024\\\/12\\\/fallingrockswithcow-500x500-1.jpg\",\"contentUrl\":\"https:\\\/\\\/whoweare.elementor.cloud\\\/wp-content\\\/uploads\\\/2024\\\/12\\\/fallingrockswithcow-500x500-1.jpg\",\"width\":500,\"height\":500,\"caption\":\"caution ahead\"},{\"@type\":\"BreadcrumbList\",\"@id\":\"https:\\\/\\\/whoweare.elementor.cloud\\\/en\\\/perception\\\/#breadcrumb\",\"itemListElement\":[{\"@type\":\"ListItem\",\"position\":1,\"name\":\"Home\",\"item\":\"https:\\\/\\\/whoweare.elementor.cloud\\\/\"},{\"@type\":\"ListItem\",\"position\":2,\"name\":\"Consciousness\"}]},{\"@type\":\"WebSite\",\"@id\":\"https:\\\/\\\/whoweare.elementor.cloud\\\/en\\\/#website\",\"url\":\"https:\\\/\\\/whoweare.elementor.cloud\\\/en\\\/\",\"name\":\"whoweare\",\"description\":\"Exploring humanity&#039;s potential\",\"publisher\":{\"@id\":\"https:\\\/\\\/whoweare.elementor.cloud\\\/en\\\/#\\\/schema\\\/person\\\/186cc965a635e590458e79b18cf784c4\"},\"potentialAction\":[{\"@type\":\"SearchAction\",\"target\":{\"@type\":\"EntryPoint\",\"urlTemplate\":\"https:\\\/\\\/whoweare.elementor.cloud\\\/en\\\/?s={search_term_string}\"},\"query-input\":{\"@type\":\"PropertyValueSpecification\",\"valueRequired\":true,\"valueName\":\"search_term_string\"}}],\"inLanguage\":\"fr-FR\"},{\"@type\":[\"Person\",\"Organization\"],\"@id\":\"https:\\\/\\\/whoweare.elementor.cloud\\\/en\\\/#\\\/schema\\\/person\\\/186cc965a635e590458e79b18cf784c4\",\"name\":\"macdougdoug\",\"image\":{\"@type\":\"ImageObject\",\"inLanguage\":\"fr-FR\",\"@id\":\"https:\\\/\\\/whoweare.elementor.cloud\\\/wp-content\\\/uploads\\\/2022\\\/06\\\/header-logo.png\",\"url\":\"https:\\\/\\\/whoweare.elementor.cloud\\\/wp-content\\\/uploads\\\/2022\\\/06\\\/header-logo.png\",\"contentUrl\":\"https:\\\/\\\/whoweare.elementor.cloud\\\/wp-content\\\/uploads\\\/2022\\\/06\\\/header-logo.png\",\"width\":1009,\"height\":449,\"caption\":\"macdougdoug\"},\"logo\":{\"@id\":\"https:\\\/\\\/whoweare.elementor.cloud\\\/wp-content\\\/uploads\\\/2022\\\/06\\\/header-logo.png\"},\"sameAs\":[\"https:\\\/\\\/www.facebook.com\\\/macdougdoug\",\"https:\\\/\\\/macdougdoug.tumblr.com\\\/\"],\"url\":\"https:\\\/\\\/whoweare.elementor.cloud\\\/fr\\\/author\\\/user628ba7ac0c87f\\\/\"}]}<\/script>\n<!-- \/ Yoast SEO plugin. -->","yoast_head_json":{"title":"Consciousness - whoweare","description":"Philosophical questions and scientific answers on how our brains construct reality, and whether things only exist in our minds","robots":{"index":"index","follow":"follow","max-snippet":"max-snippet:-1","max-image-preview":"max-image-preview:large","max-video-preview":"max-video-preview:-1"},"canonical":"https:\/\/whoweare.elementor.cloud\/fr\/perception\/","og_locale":"fr_FR","og_type":"article","og_title":"Consciousness - whoweare","og_description":"Philosophical questions and scientific answers on how our brains construct reality, and whether things only exist in our minds","og_url":"https:\/\/whoweare.elementor.cloud\/fr\/perception\/","og_site_name":"whoweare","article_publisher":"https:\/\/www.facebook.com\/macdougdoug","article_author":"https:\/\/www.facebook.com\/macdougdoug","article_published_time":"2024-12-10T15:46:35+00:00","article_modified_time":"2025-01-10T14:37:25+00:00","og_image":[{"width":500,"height":500,"url":"https:\/\/whoweare.elementor.cloud\/wp-content\/uploads\/2024\/12\/fallingrockswithcow-500x500-1.jpg","type":"image\/jpeg"}],"author":"macdougdoug","twitter_card":"summary_large_image","twitter_misc":{"\u00c9crit par":"macdougdoug","Dur\u00e9e de lecture estim\u00e9e":"11 minutes"},"schema":{"@context":"https:\/\/schema.org","@graph":[{"@type":"Article","@id":"https:\/\/whoweare.elementor.cloud\/en\/perception\/#article","isPartOf":{"@id":"https:\/\/whoweare.elementor.cloud\/en\/perception\/"},"author":{"name":"macdougdoug","@id":"https:\/\/whoweare.elementor.cloud\/en\/#\/schema\/person\/186cc965a635e590458e79b18cf784c4"},"headline":"Consciousness","datePublished":"2024-12-10T15:46:35+00:00","dateModified":"2025-01-10T14:37:25+00:00","mainEntityOfPage":{"@id":"https:\/\/whoweare.elementor.cloud\/en\/perception\/"},"wordCount":2395,"commentCount":4,"publisher":{"@id":"https:\/\/whoweare.elementor.cloud\/en\/#\/schema\/person\/186cc965a635e590458e79b18cf784c4"},"image":{"@id":"https:\/\/whoweare.elementor.cloud\/en\/perception\/#primaryimage"},"thumbnailUrl":"https:\/\/whoweare.elementor.cloud\/wp-content\/uploads\/2024\/12\/fallingrockswithcow-500x500-1.jpg","keywords":["Anil Seth","Being you","consciousness","experience","hard problem","immaterialism","logical fallacies","metaphysics","neuroscience","perception","reality"],"articleSection":["consciousness"],"inLanguage":"fr-FR","potentialAction":[{"@type":"CommentAction","name":"Comment","target":["https:\/\/whoweare.elementor.cloud\/en\/perception\/#respond"]}]},{"@type":"WebPage","@id":"https:\/\/whoweare.elementor.cloud\/en\/perception\/","url":"https:\/\/whoweare.elementor.cloud\/en\/perception\/","name":"Consciousness - whoweare","isPartOf":{"@id":"https:\/\/whoweare.elementor.cloud\/en\/#website"},"primaryImageOfPage":{"@id":"https:\/\/whoweare.elementor.cloud\/en\/perception\/#primaryimage"},"image":{"@id":"https:\/\/whoweare.elementor.cloud\/en\/perception\/#primaryimage"},"thumbnailUrl":"https:\/\/whoweare.elementor.cloud\/wp-content\/uploads\/2024\/12\/fallingrockswithcow-500x500-1.jpg","datePublished":"2024-12-10T15:46:35+00:00","dateModified":"2025-01-10T14:37:25+00:00","description":"Philosophical questions and scientific answers on how our brains construct reality, and whether things only exist in our minds","breadcrumb":{"@id":"https:\/\/whoweare.elementor.cloud\/en\/perception\/#breadcrumb"},"inLanguage":"fr-FR","potentialAction":[{"@type":"ReadAction","target":["https:\/\/whoweare.elementor.cloud\/en\/perception\/"]}]},{"@type":"ImageObject","inLanguage":"fr-FR","@id":"https:\/\/whoweare.elementor.cloud\/en\/perception\/#primaryimage","url":"https:\/\/whoweare.elementor.cloud\/wp-content\/uploads\/2024\/12\/fallingrockswithcow-500x500-1.jpg","contentUrl":"https:\/\/whoweare.elementor.cloud\/wp-content\/uploads\/2024\/12\/fallingrockswithcow-500x500-1.jpg","width":500,"height":500,"caption":"caution ahead"},{"@type":"BreadcrumbList","@id":"https:\/\/whoweare.elementor.cloud\/en\/perception\/#breadcrumb","itemListElement":[{"@type":"ListItem","position":1,"name":"Home","item":"https:\/\/whoweare.elementor.cloud\/"},{"@type":"ListItem","position":2,"name":"Consciousness"}]},{"@type":"WebSite","@id":"https:\/\/whoweare.elementor.cloud\/en\/#website","url":"https:\/\/whoweare.elementor.cloud\/en\/","name":"qui sont","description":"Explorer le potentiel de l'humanit\u00e9","publisher":{"@id":"https:\/\/whoweare.elementor.cloud\/en\/#\/schema\/person\/186cc965a635e590458e79b18cf784c4"},"potentialAction":[{"@type":"SearchAction","target":{"@type":"EntryPoint","urlTemplate":"https:\/\/whoweare.elementor.cloud\/en\/?s={search_term_string}"},"query-input":{"@type":"PropertyValueSpecification","valueRequired":true,"valueName":"search_term_string"}}],"inLanguage":"fr-FR"},{"@type":["Person","Organization"],"@id":"https:\/\/whoweare.elementor.cloud\/en\/#\/schema\/person\/186cc965a635e590458e79b18cf784c4","name":"macdougdoug","image":{"@type":"ImageObject","inLanguage":"fr-FR","@id":"https:\/\/whoweare.elementor.cloud\/wp-content\/uploads\/2022\/06\/header-logo.png","url":"https:\/\/whoweare.elementor.cloud\/wp-content\/uploads\/2022\/06\/header-logo.png","contentUrl":"https:\/\/whoweare.elementor.cloud\/wp-content\/uploads\/2022\/06\/header-logo.png","width":1009,"height":449,"caption":"macdougdoug"},"logo":{"@id":"https:\/\/whoweare.elementor.cloud\/wp-content\/uploads\/2022\/06\/header-logo.png"},"sameAs":["https:\/\/www.facebook.com\/macdougdoug","https:\/\/macdougdoug.tumblr.com\/"],"url":"https:\/\/whoweare.elementor.cloud\/fr\/author\/user628ba7ac0c87f\/"}]}},"_links":{"self":[{"href":"https:\/\/whoweare.elementor.cloud\/fr\/wp-json\/wp\/v2\/posts\/1049","targetHints":{"allow":["GET"]}}],"collection":[{"href":"https:\/\/whoweare.elementor.cloud\/fr\/wp-json\/wp\/v2\/posts"}],"about":[{"href":"https:\/\/whoweare.elementor.cloud\/fr\/wp-json\/wp\/v2\/types\/post"}],"author":[{"embeddable":true,"href":"https:\/\/whoweare.elementor.cloud\/fr\/wp-json\/wp\/v2\/users\/1687"}],"replies":[{"embeddable":true,"href":"https:\/\/whoweare.elementor.cloud\/fr\/wp-json\/wp\/v2\/comments?post=1049"}],"version-history":[{"count":8,"href":"https:\/\/whoweare.elementor.cloud\/fr\/wp-json\/wp\/v2\/posts\/1049\/revisions"}],"predecessor-version":[{"id":1069,"href":"https:\/\/whoweare.elementor.cloud\/fr\/wp-json\/wp\/v2\/posts\/1049\/revisions\/1069"}],"wp:featuredmedia":[{"embeddable":true,"href":"https:\/\/whoweare.elementor.cloud\/fr\/wp-json\/wp\/v2\/media\/1051"}],"wp:attachment":[{"href":"https:\/\/whoweare.elementor.cloud\/fr\/wp-json\/wp\/v2\/media?parent=1049"}],"wp:term":[{"taxonomy":"category","embeddable":true,"href":"https:\/\/whoweare.elementor.cloud\/fr\/wp-json\/wp\/v2\/categories?post=1049"},{"taxonomy":"post_tag","embeddable":true,"href":"https:\/\/whoweare.elementor.cloud\/fr\/wp-json\/wp\/v2\/tags?post=1049"}],"curies":[{"name":"wp","href":"https:\/\/api.w.org\/{rel}","templated":true}]}}