{"id":1088,"date":"2025-04-13T16:54:22","date_gmt":"2025-04-13T18:54:22","guid":{"rendered":"https:\/\/whoweare.elementor.cloud\/?p=1088"},"modified":"2025-05-11T09:03:07","modified_gmt":"2025-05-11T11:03:07","slug":"evolutionary-psychology-and-the-self","status":"publish","type":"post","link":"https:\/\/whoweare.elementor.cloud\/fr\/evolutionary-psychology-and-the-self\/","title":{"rendered":"Psychologie \u00e9volutionniste"},"content":{"rendered":"<h3 class=\"wp-block-heading\">Le pr\u00e9sent est une trace du pass\u00e9<\/h3>\n\n\n\n<p>Lorsque j'ai d\u00e9couvert le livre de Joseph LeDoux, <em><a href=\"https:\/\/www.goodreads.com\/book\/show\/102189680-the-four-realms-of-existence\">Les quatre royaumes<\/a>,<\/em> Je me suis demand\u00e9 un moment si nous ne couvrions pas le m\u00eame terrain.  Par exemple, ce blog est une enqu\u00eate sur la question de <em>qui nous sommes<\/em>et son livre est sous-titr\u00e9 : <em>Une th\u00e9orie de l'\u00eatre humain<\/em>.<\/p>\n\n\n\n<p>Une fa\u00e7on de d\u00e9finir quelque chose est de d\u00e9crire sa fonction.  Par exemple : qu'est-ce qu'un vase ?  R\u00e9ponse : c'est un objet d\u00e9coratif souvent utilis\u00e9 pour pr\u00e9senter des fleurs.   Selon ce point de vue, les humains ne sont que des primates qui aiment manger des hamburgers et jouer aux jeux vid\u00e9o, ou qui recherchent la s\u00e9curit\u00e9, le plaisir et \u00e0 faire des b\u00e9b\u00e9s.<\/p>\n\n\n\n<p>Une autre fa\u00e7on de d\u00e9crire un objet est d'identifier les forces en jeu dans sa formation.  En d'autres termes, l'objet est l'expression des processus qui l'ont fait na\u00eetre.  Un vase en c\u00e9ramique serait le r\u00e9sultat de l'argile humide, du tour du potier, de l'image d\u00e9sir\u00e9e dans l'esprit du potier, des contraintes exerc\u00e9es par la main de l'artisan, de la chaleur du four, etc.<\/p>\n\n\n\n<p>De m\u00eame, un chr\u00e9tien, gr\u00e2ce \u00e0 sa compr\u00e9hension de la cr\u00e9ation, peut affirmer que notre existence est une manifestation de la volont\u00e9 de Dieu<\/p>\n\n\n\n<figure class=\"wp-block-image size-large is-resized\"><a href=\"https:\/\/leondevenice.com\/\" target=\"_blank\" rel=\" noreferrer noopener\"><img fetchpriority=\"high\" decoding=\"async\" width=\"1024\" height=\"783\" src=\"https:\/\/whoweare.elementor.cloud\/wp-content\/uploads\/2025\/04\/Creation-of-adam-1024x783.webp\" alt=\"\" class=\"wp-image-1089\" style=\"width:432px;height:auto\" srcset=\"https:\/\/whoweare.elementor.cloud\/wp-content\/uploads\/2025\/04\/Creation-of-adam-1024x783.webp 1024w, https:\/\/whoweare.elementor.cloud\/wp-content\/uploads\/2025\/04\/Creation-of-adam-300x229.webp 300w, https:\/\/whoweare.elementor.cloud\/wp-content\/uploads\/2025\/04\/Creation-of-adam-768x587.webp 768w, https:\/\/whoweare.elementor.cloud\/wp-content\/uploads\/2025\/04\/Creation-of-adam-16x12.webp 16w, https:\/\/whoweare.elementor.cloud\/wp-content\/uploads\/2025\/04\/Creation-of-adam.webp 1100w\" sizes=\"(max-width: 1024px) 100vw, 1024px\" \/><\/a><figcaption class=\"wp-element-caption\"><a href=\"https:\/\/leondevenice.com\/\">cr\u00e9ation d'Adam<\/a><\/figcaption><\/figure>\n\n\n\n<p>Dans les deux cas, la chose d\u00e9crite - qu'il s'agisse d'un vase ou d'une personne - est comprise \u00e0 travers les dynamiques qui l'ont fa\u00e7onn\u00e9e.<\/p>\n\n\n\n<p>Le professeur LeDoux, comme le chr\u00e9tien, utilise la deuxi\u00e8me m\u00e9thode.  Il nous pr\u00e9sente les processus dynamiques qui incarnent ce que nous sommes.  Nous ne rencontrons pas d'hypoth\u00e9tiques dieux cr\u00e9ateurs, mais il nous propose un voyage.   Dans ce mod\u00e8le, nous sommes l'expression de la vie telle qu'elle a \u00e9t\u00e9 conditionn\u00e9e au fil du temps.  Nous sommes le produit de notre psychologie \u00e9volutive.<\/p>\n\n\n\n<p>LeDoux est psychologue et neuroscientifique.  Comme son coll\u00e8gue Anil Seth, il \u00e9tudie les m\u00e9canismes mesurables de la conscience, plut\u00f4t que ses myst\u00e8res m\u00e9taphysiques.<\/p>\n\n\n\n<p>Les \"4 domaines\" de l'\u00eatre humain qu'il propose sont : le biologique, le neurologique, le cognitif et l'exp\u00e9rientiel.&nbsp;&nbsp;<\/p>\n\n\n\n<p>En d'autres termes, nous sommes des organismes vivants dot\u00e9s d'un cerveau qui conceptualise ce que nous percevons - la conscience humaine est d\u00e9finie comme notre exp\u00e9rience particuli\u00e8re de ces concepts.   La conscience est compar\u00e9e \u00e0 une histoire que nous nous racontons \u00e0 nous-m\u00eames.<\/p>\n\n\n\n<p>La psychologie \u00e9volutionniste est un courant de pens\u00e9e qui me fascine.  Elle r\u00e9sonne parfaitement avec ma propre vision du monde, qui a \u00e9t\u00e9 largement influenc\u00e9e par le bouddhisme zen et les travaux de J. Krishnamurti.  Comme ces philosophies peuvent facilement \u00eatre consid\u00e9r\u00e9es comme floues, je suis toujours \u00e0 la recherche d'une validation scientifique ou acad\u00e9mique.<\/p>\n\n\n\n<p>Krishnamurti a souvent parl\u00e9 du conditionnement profond - biologique et psychologique - qui fa\u00e7onne notre comportement.<\/p>\n\n\n\n<p>Les enseignements bouddhistes insistent sur le fait que notre exp\u00e9rience du soi n'est qu'une sensation qui na\u00eet de l'interaction entre le cerveau et notre appareil sensoriel.<\/p>\n\n\n\n<p>Cela semble refl\u00e9ter le th\u00e8me des \"quatre royaumes\" : comment nous, ou nos croyances, sensations, identit\u00e9s et attitudes, sommes l'expression cumulative du pass\u00e9.<\/p>\n\n\n\n<p>Bien s\u00fbr, je suis conscient que la psychologie \u00e9volutionniste n'est pas exempte de critiques. Elle a parfois \u00e9t\u00e9 utilis\u00e9e pour justifier des affirmations ou des agendas douteux. Par exemple, en affirmant que notre tendance naturelle \u00e0 coop\u00e9rer signifie que nous devrions tous \u00eatre communistes, ou que l'\u00e9go\u00efsme et la jalousie sont biologiquement ancr\u00e9s et donc moralement acceptables. Ces exemples confondent les faits descriptifs avec l'\u00e9thique prescriptive, ce qui constitue une erreur classique entre \"ce qui est\" et \"ce qui doit \u00eatre\".  Ce n'est pas parce qu'une chose est vraie qu'elle doit l'\u00eatre.<\/p>\n\n\n\n<p>Il serait \u00e9galement erron\u00e9 de penser que l'homme n'est affect\u00e9 que par ses g\u00e8nes ou ses instincts fondamentaux.  Nous avons maintenant cette force comportementale appel\u00e9e culture.  On pourrait dire : les deux <em>g\u00e8nes<\/em> et <em>m\u00e8mes<\/em> sont \u00e0 l'origine de notre comportement, parfois dans des directions oppos\u00e9es.&nbsp;&nbsp;&nbsp;&nbsp;&nbsp;&nbsp;<\/p>\n\n\n\n<p>Quoi qu'il en soit, tant que nous acceptons que nous sommes le r\u00e9sultat de la s\u00e9lection naturelle et que le cerveau a \u00e9t\u00e9 conditionn\u00e9 par ce processus au m\u00eame titre que le reste du corps, nous pouvons commencer cette exploration. &nbsp;<\/p>\n\n\n\n<h3 class=\"wp-block-heading\">Le sentiment d'\u00eatre moi<\/h3>\n\n\n\n<p>Joseph LeDoux commence par examiner ce que nous appelons le moi.&nbsp;&nbsp;<\/p>\n\n\n\n<p>Qu'entendons-nous par \"moi\" ?  Sommes-nous une entit\u00e9 r\u00e9elle qui d\u00e9cide de ses actions ?  Ou une sorte de ph\u00e9nom\u00e8ne psychologique - plus proche d'une sensation ?<\/p>\n\n\n\n<p>La d\u00e9finition classique est \u00e0 peu pr\u00e8s la suivante : ce que j'identifie comme \u00e9tant moi, par opposition au reste de l'univers, qui n'est pas moi.  Les dictionnaires parlent des caract\u00e9ristiques ou de la personnalit\u00e9 qui sont les miennes, qui me distinguent de tout le reste.<\/p>\n\n\n\n<p>Plus pr\u00e9cis\u00e9ment, nous pourrions la d\u00e9finir comme notre perspective consciente, \u00e0 la premi\u00e8re personne.  Ce que c'est que d'\u00eatre cet agent central tr\u00e8s pr\u00e9cieux qui regarde le monde.  Cette exp\u00e9rience inclut une apparente constance dans le temps - j'ai l'impression d'\u00eatre et d'avoir \u00e9t\u00e9 le m\u00eame moi aussi longtemps que je m'en souvienne.  Elle inclut \u00e9galement une division apparente entre moi et ce que je vois - moi, l'observateur, je me sens tr\u00e8s diff\u00e9rent et s\u00e9par\u00e9 de ce que j'observe.<\/p>\n\n\n\n<p>Cette sensation fondamentale d'\u00eatre moi s'accompagne d'une autre sph\u00e8re d'existence que je consid\u00e8re en quelque sorte comme une partie de moi ou comme la mienne.  Mon corps, par exemple, est \u00e0 la fois le mien et, d'une certaine mani\u00e8re, le mien.  De m\u00eame, des biens tels que ma maison, ma voiture ou mes r\u00e9alisations d\u00e9terminent en quelque sorte qui je suis.  Mon statut social semble d\u00e9finitivement jouer un r\u00f4le dans l'image que j'ai de moi-m\u00eame.  Enfin, mes pens\u00e9es, mes croyances et mes \u00e9motions semblent me d\u00e9finir et d\u00e9finir mes relations.  J'ai l'impression que c'est moi qui pense les pens\u00e9es, mais en m\u00eame temps, les pens\u00e9es ont une certaine autorit\u00e9 sur moi, mes actions, mes \u00e9motions et ma fa\u00e7on de voir la r\u00e9alit\u00e9.<\/p>\n\n\n\n<p>Quoi qu'il en soit, ce r\u00e9seau ou syst\u00e8me dynamique de concepts et de sensations s'affecte mutuellement de mani\u00e8re \u00e0 produire le sentiment d'\u00eatre moi.  Notre personnalit\u00e9, la fa\u00e7on dont nous nous pr\u00e9sentons au monde et les relations que nous entretenons, \u00e9mergent de toutes ces parties - les sens, le cerveau et ses projections - qui travaillent ensemble.<\/p>\n\n\n\n<p>Ce que nous appelons \"moi\" n'est donc pas tant un agent ind\u00e9pendant cach\u00e9 quelque part dans le corps, mais plut\u00f4t cette <em>exp\u00e9rience<\/em> La sensation persistante d'\u00eatre un sujet central et autonome autour duquel tourne la r\u00e9alit\u00e9.<\/p>\n\n\n\n<p>Cette impression d'\u00eatre le personnage principal et le plus pr\u00e9cieux de l'univers sert en fin de compte un objectif essentiel : la survie.<\/p>\n\n\n\n<p>Sans soi, il n'y a pas d'auto-pr\u00e9servation ni d'auto-actualisation.  La conscience de soi apporte une dimension \u00e9motionnelle suppl\u00e9mentaire \u00e0 l'imp\u00e9ratif biologique de la r\u00e9plication, elle renforce l'aptitude de nos g\u00e8nes (jusqu'\u00e0 pr\u00e9sent, on croise les doigts).<\/p>\n\n\n\n<p>Sans moi, il n'y a pas de \"je veux\" ou de \"je ne veux pas\".   Et cette dynamique des go\u00fbts et des d\u00e9go\u00fbts, naturellement pr\u00e9sente \u00e0 la naissance, dynamise nos efforts vers la s\u00e9curit\u00e9, le plaisir et le progr\u00e8s.<\/p>\n\n\n\n<p>Ce processus mental, \u00e9motionnel et cognitif que nous appelons le moi est l'expression psychologique de l'\u00eatre humain.  Nos souvenirs, nos pens\u00e9es, nos besoins, nos choix, etc. sont des r\u00e9actions ou des r\u00e9flexes habituels et instinctifs qui d\u00e9coulent naturellement, souvent de mani\u00e8re inconsciente, des organismes que nous sommes.<\/p>\n\n\n\n<p>Ce que fait notre cerveau d\u00e9pend n\u00e9cessairement du type de cerveau dont il s'agit : les cerveaux de primates font des choses de type primate, les cerveaux de pieuvres font des choses bizarres, etc.  Nous avons des cerveaux humains.&nbsp;&nbsp;<\/p>\n\n\n\n<p>Tous les types de cerveaux sont le r\u00e9sultat d'une longue \u00e9volution.  Le n\u00f4tre se comporte de la m\u00eame mani\u00e8re que celui des autres primates.  Et les primates modernes se comportent de la m\u00eame mani\u00e8re que les primates plus anciens, dont la physiologie et le comportement ont \u00e9t\u00e9 h\u00e9rit\u00e9s de leurs anc\u00eatres (c'est-\u00e0-dire probablement de minuscules cr\u00e9atures ressemblant \u00e0 des l\u00e9muriens).<\/p>\n\n\n\n<figure class=\"wp-block-image size-full is-resized\"><img decoding=\"async\" width=\"1005\" height=\"544\" src=\"https:\/\/whoweare.elementor.cloud\/wp-content\/uploads\/2025\/04\/genes-memes.png\" alt=\"\" class=\"wp-image-1090\" style=\"width:575px;height:auto\" srcset=\"https:\/\/whoweare.elementor.cloud\/wp-content\/uploads\/2025\/04\/genes-memes.png 1005w, https:\/\/whoweare.elementor.cloud\/wp-content\/uploads\/2025\/04\/genes-memes-300x162.png 300w, https:\/\/whoweare.elementor.cloud\/wp-content\/uploads\/2025\/04\/genes-memes-768x416.png 768w, https:\/\/whoweare.elementor.cloud\/wp-content\/uploads\/2025\/04\/genes-memes-18x10.png 18w\" sizes=\"(max-width: 1005px) 100vw, 1005px\" \/><figcaption class=\"wp-element-caption\">g\u00e8nes et m\u00e8mes<\/figcaption><\/figure>\n\n\n\n<p>Et comme nous sommes le r\u00e9sultat d'un conditionnement psychologique et physiologique pr\u00e9alable, on pourrait dire que nous ne sommes pas du tout des agents v\u00e9ritablement autonomes.&nbsp;<\/p>\n\n\n\n<p>Nous ne choisissons pas comment nous sentir ou quoi faire, puisque nous n'avons pas choisi notre histoire \u00e9volutive.   Chaque cr\u00e9ature vivante aujourd'hui a \u00e9t\u00e9 conditionn\u00e9e naturellement au fil du temps, soit g\u00e9n\u00e9tiquement, soit culturellement, pour agir m\u00e9caniquement ou instinctivement de certaines mani\u00e8res.   Tout comme les lapins ne d\u00e9cident pas d'\u00eatre v\u00e9g\u00e9tariens, ou les hindous ne choisissent pas d'imaginer certains de leurs dieux avec la peau bleue, je ne peux pas choisir mes prochaines pens\u00e9es et d\u00e9sirs.  J'esp\u00e8re donc qu'on peut oublier toute id\u00e9e d'autonomie.<\/p>\n\n\n\n<p>Nous pouvons bien s\u00fbr toujours consid\u00e9rer une personne comme une entit\u00e9 ind\u00e9pendante.  Cela peut \u00eatre utile \u00e0 des fins de communication si nous d\u00e9crivons un mod\u00e8le ou une situation.  Mais une personne peut tout aussi bien \u00eatre d\u00e9finie comme un \u00e9l\u00e9ment constitutif d'un organisme plus vaste, comme par exemple la soci\u00e9t\u00e9 qu'elle forme ensemble, ou le r\u00e9seau de vie sur la plan\u00e8te, la biosph\u00e8re.<\/p>\n\n\n\n<p>Chaque organisme ou personne ne peut bien s\u00fbr \u00eatre consid\u00e9r\u00e9 comme ind\u00e9pendant que dans un sens th\u00e9orique.  Concr\u00e8tement, nous ne survivons ou ne nous d\u00e9veloppons que dans le cadre d'un processus plus large ou d'une relation symbiotique.   Pensez \u00e0 la lumi\u00e8re du soleil, \u00e0 l'air, \u00e0 la nourriture, \u00e0 la famille, \u00e0 la communaut\u00e9 - la vie est un r\u00e9seau de d\u00e9pendances, pas un acte solitaire.<\/p>\n\n\n\n<p>De m\u00eame, si nous regardons au microscope dans l'autre direction et examinons les parties constitutives de notre anatomie, comme les cellules, la notion d'ind\u00e9pendance \u00e9choue \u00e0 nouveau.   La science nous apprend qu'environ la moiti\u00e9 des cellules qui peuplent notre corps et nous maintiennent en vie et en bonne sant\u00e9 ne sont pas humaines - il s'agit par exemple de bact\u00e9ries, de levures ou de protozoaires indig\u00e8nes.  Ainsi, non seulement l'individu fait partie d'un \u00e9cosyst\u00e8me plus vaste, mais il est lui-m\u00eame une sorte d'\u00e9cosyst\u00e8me ambulant.<\/p>\n\n\n\n<h3 class=\"wp-block-heading\">R\u00e9p\u00e9tition et reconnaissance<\/h3>\n\n\n\n<p>L'histoire de la vie et de son comportement commence avec ces minuscules unit\u00e9s de base : la cellule.&nbsp;&nbsp;<\/p>\n\n\n\n<p>Elles constituent le fondement de notre force motrice la plus fondamentale, notre relation binaire avec la r\u00e9alit\u00e9, que l'on peut d\u00e9crire de mani\u00e8re simpliste comme le mouvement vers le bien et l'\u00e9loignement du mal.   Comme indiqu\u00e9 dans un chapitre pr\u00e9c\u00e9dent, nos anc\u00eatres - c'est-\u00e0-dire les formes de vie unicellulaires primitives qui ont surv\u00e9cu ou le comportement qui a \u00e9t\u00e9 s\u00e9lectionn\u00e9 - se sont dirig\u00e9s vers la subsistance et se sont \u00e9loign\u00e9s de la destruction.  S'ils \u00e9taient attir\u00e9s par l'hydrog\u00e8ne et repouss\u00e9s par la lumi\u00e8re ultraviolette, et s'ils parvenaient \u00e0 se reproduire, cette dynamique motivationnelle (d'attraction et de r\u00e9pulsion) \u00e9tait transmise.<\/p>\n\n\n\n<p>Quelques milliards d'ann\u00e9es plus tard, au cours de l'\u00e9volution, les reptiles, par exemple, sont toujours guid\u00e9s par cette dynamique, mais d\u00e9sormais par l'interm\u00e9diaire des nerfs et des muscles.  On dit que les reptiles r\u00e9agissent instinctivement.<\/p>\n\n\n\n<p>Cent millions d'ann\u00e9es plus tard, les mammif\u00e8res dont le cerveau est satur\u00e9 de substances neurochimiques ont pu greffer des \u00e9motions sur l'\u00e9lan de base de la r\u00e9pulsion et de l'attraction.   L'\u00e9lan suppl\u00e9mentaire des sentiments a ainsi renforc\u00e9 et complexifi\u00e9 cette dynamique binaire efficace, que nous pouvons d\u00e9sormais appeler : la peur et le d\u00e9sir.<\/p>\n\n\n\n<p>L'ajout le plus r\u00e9cent \u00e0 la pr\u00e9occupation existentielle de base de la vie est l'exp\u00e9rience conceptuelle consciente.  Des choses comme la pens\u00e9e, les id\u00e9es, l'imagination, la croyance, la m\u00e9moire.  L'homo sapiens est de loin le champion incontest\u00e9 de ce nouveau et tr\u00e8s rare domaine psychologique de l'existence.<\/p>\n\n\n\n<p>Comme nous l'avons d\u00e9j\u00e0 dit <a href=\"https:\/\/whoweare.elementor.cloud\/fr\/perception-discrimination-identity\/\">ailleurs,<\/a> Les \u00e9tats mentaux et \u00e9motionnels conscients ne sont pas la norme pour les cr\u00e9atures vivantes.&nbsp;&nbsp;<\/p>\n\n\n\n<p>Le comportement des animaux primitifs, tels que les cloportes, les grillons ou les papillons de nuit, est directement influenc\u00e9 par la perception ou la sensation.  Si quelque chose d'essentiel stimule les organes sensoriels, une action r\u00e9flexe est provoqu\u00e9e, sans qu'il soit n\u00e9cessaire d'avoir une exp\u00e9rience cognitive subjective.   Si la lumi\u00e8re du soleil est d\u00e9tect\u00e9e, par exemple, je commencerai imm\u00e9diatement \u00e0 ramper ou \u00e0 voler dans une direction particuli\u00e8re, bien que je n'aie aucune id\u00e9e ni m\u00eame aucune image visuelle du soleil, de la lumi\u00e8re, de moi-m\u00eame et de la signification de toute mon agitation.<\/p>\n\n\n\n<p>Il est important de noter que LeDoux nous rappelle que m\u00eame parmi les quelques esp\u00e8ces ayant une exp\u00e9rience subjective, il n'existe pas de r\u00e9alit\u00e9 sensorielle commune.  Chaque organisme vit dans un univers perceptif diff\u00e9rent, fa\u00e7onn\u00e9 par ses propres outils sensoriels et son architecture neuronale.<\/p>\n\n\n\n<p>Les chauves-souris et les tigres ne reconna\u00eetraient pas le point de vue de l'autre dans le m\u00eame environnement.<\/p>\n\n\n\n<p>Notre perception du monde, et donc notre attitude \u00e0 l'\u00e9gard de ce monde, changent \u00e9galement au fil du temps.  Ces changements peuvent \u00eatre dus \u00e0 des modifications physiologiques ou hormonales normales au cours de la vie d'un animal - par exemple, le d\u00e9veloppement sexuel ou la parentalit\u00e9.&nbsp;&nbsp;&nbsp;<\/p>\n\n\n\n<p>Mes relations avec les hommes, les femmes ou les enfants ne sont plus les m\u00eames que lorsque j'\u00e9tais moi-m\u00eame enfant ou adolescente.&nbsp;&nbsp;<\/p>\n\n\n\n<p>La simple accumulation d'exp\u00e9riences d\u00e9termine \u00e9galement la mani\u00e8re dont les \u00e9v\u00e9nements ult\u00e9rieurs sont interpr\u00e9t\u00e9s.  La m\u00e9moire des \u00e9v\u00e9nements ant\u00e9rieurs conditionne l'exp\u00e9rience future.  Par exemple, ma relation avec un halt\u00e8re de 10 kg \u00e9volue au fur et \u00e0 mesure que je m'entra\u00eene \u00e0 la salle de sport.   Les personnes qui ont vu les Dents de la mer (le film sur un requin mangeur d'hommes) t\u00f4t dans leur vie ne pourront peut-\u00eatre plus jamais nager confortablement dans l'oc\u00e9an.&nbsp;<\/p>\n\n\n\n<p>Je ne peux pas faire la diff\u00e9rence entre toutes les variations tonales de certaines langues chinoises - de la m\u00eame mani\u00e8re qu'un Japonais a du mal \u00e0 diff\u00e9rencier nos L et nos R.   Il existe une corr\u00e9lation \u00e9troite entre la familiarit\u00e9 et la \"normalit\u00e9\".  La r\u00e9p\u00e9tition et l'habitude semblent dicter ce qui semble correct et \"vrai\".<\/p>\n\n\n\n<p>Cet aspect conceptuel ou culturel de notre rapport \u00e0 la r\u00e9alit\u00e9 est tr\u00e8s moderne et unique, et il ajoute une complexit\u00e9 apparemment infinie \u00e0 nos vies.<\/p>\n\n\n\n<p>Notre perception du \"moi\" ou le sentiment d'\u00eatre moi, introduit une dimension psychologique dans notre existence.  La relation entre le sujet et l'objet n'est plus seulement guid\u00e9e par des r\u00e9flexes primitifs et des sensations, mais aussi par des \u00e9motions et des id\u00e9es sur l'interaction.  Nous ne r\u00e9agissons plus seulement \u00e0 des stimuli, mais aussi \u00e0 nos images conceptuelles de ces stimuli.&nbsp;<\/p>\n\n\n\n<p>Mon comportement, face \u00e0 une glace par exemple, n'est plus seulement bas\u00e9 sur le fait que c'est bon ou pas bon, mais aussi sur l'image que j'ai de moi-m\u00eame.  La fa\u00e7on dont je vous traite d\u00e9pend beaucoup de nos identit\u00e9s culturelles : \u00eates-vous communiste ? Le suis-je ?  Quel est votre statut social par rapport au mien ?  Faisons-nous partie de la m\u00eame tribu ?&nbsp;<\/p>\n\n\n\n<h3 class=\"wp-block-heading\">Complexit\u00e9 et choix<\/h3>\n\n\n\n<p>Bien que le monde puisse sembler plus compliqu\u00e9 en raison de toutes ces perspectives, souvent contradictoires, que nous avons, il y a des avantages potentiels.&nbsp;&nbsp;<\/p>\n\n\n\n<p>La principale est la pr\u00e9voyance.  Notre capacit\u00e9 \u00e0 construire des mod\u00e8les mentaux nous aide \u00e0 simuler les r\u00e9sultats futurs possibles.&nbsp;&nbsp;<\/p>\n\n\n\n<p>L'id\u00e9e est que notre capacit\u00e9 d'anticipation permet une utilisation plus efficace de l'\u00e9nergie.  Par exemple, sur la base d'une cartographie mentale ou de notre m\u00e9moire visuelle de l'environnement local, nous pouvons chercher de la nourriture d'une mani\u00e8re pr\u00e9d\u00e9termin\u00e9e plut\u00f4t que d'errer sans but.  Nous pouvons aussi d\u00e9cider de constituer une r\u00e9serve de nourriture en cas d'hypoth\u00e9tique p\u00e9nurie future.  Nous pouvons planifier.<\/p>\n\n\n\n<p>Le fait que nous reconnaissions et classions les choses en tant qu'entit\u00e9s ind\u00e9pendantes dot\u00e9es de caract\u00e9ristiques distinctes a probablement jou\u00e9 un r\u00f4le essentiel dans le d\u00e9veloppement du langage.    Parce que nous avons vu le monde comme \u00e9tant compos\u00e9 de choses distinctes, nous avons cr\u00e9\u00e9 des mots-symboles pour repr\u00e9senter ces choses et leurs significations.  L'id\u00e9e est que le langage nait de toutes les id\u00e9es que nous voulons partager.  Pour que naisse le langage, nous avons besoin de quelque chose \u00e0 dire.<\/p>\n\n\n\n<p>Quoi qu'il en soit, notre communication est devenue plus pr\u00e9cise, la coop\u00e9ration plus sophistiqu\u00e9e et les liens sociaux plus solides.<\/p>\n\n\n\n<p>Dans l'ensemble, cette existence conceptuelle et psychologique semble avoir \u00e9t\u00e9 un \u00e9norme succ\u00e8s - en termes de survie du moins : nous nous sommes multipli\u00e9s.&nbsp;&nbsp;<\/p>\n\n\n\n<p>La vaste proposition de choix complexes que notre cerveau peut concocter sans effort signifie que nous existons dans un espace de potentiel et de possibilit\u00e9s \u00e9normes.  Mais cette grande opportunit\u00e9 s'accompagne d'une grande confusion, d'h\u00e9sitations et de la possibilit\u00e9 de faire des choix vraiment stupides.  Comme l'a dit un jour l'oncle de Spiderman : \"Un grand pouvoir implique une grande responsabilit\u00e9\".&nbsp;<\/p>\n\n\n\n<h3 class=\"wp-block-heading\">M\u00e9moire, motivation et sens<\/h3>\n\n\n\n<p>Pour nous, humains, la r\u00e9alit\u00e9 est inextricablement li\u00e9e \u00e0 la signification.  Les choses sont ins\u00e9parables de leur signification conceptuelle, c'est-\u00e0-dire de toutes les caract\u00e9ristiques que nous associons \u00e0 la chose en question.  Un arbre, par exemple, a un nom d'esp\u00e8ce, est fait de bois et d'autres mat\u00e9riaux, est utile comme bois d'\u0153uvre, donne de l'ombre et un abri \u00e0 une foule d'autres cr\u00e9atures, nous a procur\u00e9, \u00e0 moi et \u00e0 mes enfants, des heures de plaisir, etc, etc...<\/p>\n\n\n\n<p>J'esp\u00e8re qu'il est \u00e9vident que les ph\u00e9nom\u00e8nes eux-m\u00eames sont d\u00e9pourvus de signification intrins\u00e8que - la signification est apprise.  Le sens r\u00e9side dans la m\u00e9moire.&nbsp;&nbsp;<\/p>\n\n\n\n<p>Les lettres, les chiffres et les chats, par exemple, n'ont pas de signification initiale en soi - le sens n'est pas dans l'objet.  Si cela n'est pas \u00e9vident, gardez \u00e0 l'esprit que le symbolisme d'un objet change selon les cultures et les \u00e9poques. Les chats sont sacr\u00e9s dans l'\u00c9gypte ancienne, les compagnons dans l'Am\u00e9rique moderne. Les vaches sont sacr\u00e9es dans certains endroits, des hamburgers dans d'autres. Il est clair que le sens est model\u00e9 par le contexte, et non inn\u00e9.<\/p>\n\n\n\n<p>Par cons\u00e9quent, puisque ce que nous voyons est syst\u00e9matiquement color\u00e9 par notre conditionnement \u00e9ducatif ant\u00e9rieur - c'est-\u00e0-dire vu \u00e0 travers un filtre d'endoctrinement culturel - nous pouvons dire que l'exp\u00e9rience pr\u00e9sente est bas\u00e9e sur l'exp\u00e9rience pass\u00e9e.   Les attentes pr\u00e9d\u00e9terminent ce que nous voyons.&nbsp;<\/p>\n\n\n\n<p>Attardons nous un instant sur la question de la pr\u00e9diction et de l'attente, pour mieux souligner l'influence du temps sur notre rapport \u00e0 la r\u00e9alit\u00e9 : lorsque le Pr. Anil Seth qualifie le cerveau de \"machine \u00e0 pr\u00e9dire\", il fait surtout r\u00e9f\u00e9rence \u00e0 la mani\u00e8re dont les \u00e9v\u00e9nements ant\u00e9rieurs influencent notre perception du pr\u00e9sent.  Mais cela va plus loin : notre appr\u00e9hension de chaque instant est aussi automatiquement color\u00e9e par des attentes futures.<\/p>\n\n\n\n<figure class=\"wp-block-image size-large is-resized\"><img decoding=\"async\" src=\"https:\/\/whoweare.elementor.cloud\/wp-content\/uploads\/2025\/04\/psychological-time-683x1024.png\" alt=\"\" class=\"wp-image-1091\" style=\"width:231px;height:auto\"\/><figcaption class=\"wp-element-caption\">temps psychologique<\/figcaption><\/figure>\n\n\n\n<p>Nous avons mentionn\u00e9 plus haut que notre mod\u00e9lisation conceptuelle de notre environnement est en fin de compte un moyen de pr\u00e9dire des r\u00e9sultats b\u00e9n\u00e9fiques.&nbsp;<\/p>\n\n\n\n<p>Les ph\u00e9nom\u00e8nes per\u00e7us, c'est-\u00e0-dire la mani\u00e8re dont nous nous percevons et dont nous percevons le monde qui nous entoure, sont influenc\u00e9s \u00e0 la fois par les impressions pass\u00e9es et par les aspirations futures.  Notre vision du monde est le produit de traumatisme et d'ambition.<\/p>\n\n\n\n<h3 class=\"wp-block-heading\">Le monde en tant que histoire<\/h3>\n\n\n\n<p>Mon cerveau juge et cat\u00e9gorise constamment et automatiquement le monde sur la base de la m\u00e9moire.  Tout ce que mes sens d\u00e9tectent est imm\u00e9diatement associ\u00e9 \u00e0 des connaissances ant\u00e9rieures.  La perception et l'interpr\u00e9tation semblent ins\u00e9parables.  C'est ainsi que nous d\u00e9finissons actuellement la conscience, ou le contenu de la conscience, du moins pour les humains.  Voil\u00e0 ce que c'est que d'\u00eatre moi : cette exp\u00e9rience instantan\u00e9e de l'interaction entre la m\u00e9moire et les ph\u00e9nom\u00e8nes.<\/p>\n\n\n\n<p>Notre cerveau nous fournit un r\u00e9cit.  Ce r\u00e9cit, qui raconte l'histoire du personnage central : moi, qui vit des aventures dans un univers rempli de personnages et de concepts secondaires, est ce que nous appelons la r\u00e9alit\u00e9.&nbsp;&nbsp;&nbsp;<\/p>\n\n\n\n<p>Notre exp\u00e9rience de cette r\u00e9alit\u00e9 est ce que nous appelons la conscience.&nbsp;<\/p>\n\n\n\n<p>Cette conscience comprend un vaste paysage psychologique qui affecte notre vie quotidienne. Notre imagination, nos sentiments et nos croyances sur nous-m\u00eames et sur les autres, les espoirs et les craintes sp\u00e9cifiques que ce m\u00e9lange de contenus mentaux engendre.  Tous ces \u00e9l\u00e9ments contribuent \u00e0 la fa\u00e7on dont nous envisageons notre existence et fa\u00e7onnent la soci\u00e9t\u00e9 dans laquelle nous vivons.  Des soci\u00e9t\u00e9s o\u00f9 se d\u00e9ploie toute la gamme des comportements humains, dans l'amiti\u00e9, l'invention, mais aussi la violence et la s\u00e9gr\u00e9gation.&nbsp;<\/p>\n\n\n\n<p>Quoi qu'il en soit, le r\u00e9sultat est que notre exp\u00e9rience du monde est en grande partie une construction conceptuelle.  La conscience est notre exp\u00e9rience du sens que nous projetons sur le monde.<\/p>\n\n\n\n<p>La conscience, c'est ce que l'on ressent lorsqu'on est ce personnage central du r\u00e9cit que nous avons construit autour de nous - une projection neurologique bas\u00e9e sur des mill\u00e9naires de conditionnement.<\/p>\n\n\n\n<p><\/p>\n\n\n\n<div class=\"wp-block-comments\"><h2 id=\"comments\" class=\"wp-block-comments-title\">Une r\u00e9ponse \u00e0 \"Psychologie \u00e9volutive\"<\/h2>\n\n<ol class=\"wp-block-comment-template\"><li id=\"comment-58\" class=\"comment even thread-even depth-1\">\n\n<div class=\"wp-block-columns is-layout-flex wp-container-core-columns-is-layout-28f84493 wp-block-columns-is-layout-flex\">\n<div class=\"wp-block-column is-layout-flow wp-block-column-is-layout-flow\" style=\"flex-basis:40px\"><div class=\"wp-block-avatar\"><img alt='Avatar de Dan McDermott' src='https:\/\/secure.gravatar.com\/avatar\/d7c0dc77db2f4fd490b823460490c216f3cdde47feb6ca4111776b817a42a638?s=40&#038;d=mm&#038;r=g' srcset='https:\/\/secure.gravatar.com\/avatar\/d7c0dc77db2f4fd490b823460490c216f3cdde47feb6ca4111776b817a42a638?s=80&#038;d=mm&#038;r=g 2x' class='avatar avatar-40 photo wp-block-avatar__image' height='40' width='40'  style=\"border-radius:20px;\"\/><\/div><\/div>\n\n\n\n<div class=\"wp-block-column is-layout-flow wp-block-column-is-layout-flow\"><div class=\"wp-block-comment-author-name has-small-font-size\"><a rel=\"external nofollow ugc\" href=\"http:\/\/www.demcdermott.com\" target=\"_self\" >Dan McDermott<\/a><\/div>\n\n\n<div class=\"wp-block-group is-layout-flex wp-block-group-is-layout-flex\" style=\"margin-top:0px;margin-bottom:0px\"><div class=\"wp-block-comment-date has-small-font-size\"><time datetime=\"2025-05-12T17:46:05-02:00\"><a href=\"https:\/\/whoweare.elementor.cloud\/fr\/evolutionary-psychology-and-the-self\/#comment-58\">12 mai 2025<\/a><\/time><\/div>\n\n<\/div>\n\n\n<div class=\"wp-block-comment-content\"><p>Chaque \"chose\" vivante a-t-elle ce sentiment, cette sensation de \"je suis\" ? Qu'en dehors de la \"chose\" physique : le corps, le tronc d'arbre, le poisson, l'insecte, la fleur, etc... ...., il y a ce \"je suis\" ?  Krishnamurti a sugg\u00e9r\u00e9 que ce \"je suis\", c'est-\u00e0-dire la conscience nue, la conscience EST ce que nous sommes. Ce n'est pas du tout une \"chose\". Rien du tout. Que l'homme au gros cerveau qui se prend pour un \"individu\" est le r\u00e9sultat d'une identification \u00e0 sa chose ? Un virage dans la mauvaise direction ? Malheureux pour nous, car \"devenir\" davantage, ce qui \u00e9tait \/ est n\u00e9cessaire au cerveau pour son besoin de s\u00e9curit\u00e9, signifiait maintenir et polir cette image d'un \"moi individuel\", tout en se maintenant dans le pass\u00e9 et en se projetant \u00e0 travers le pr\u00e9sent et dans un futur psychologique imaginaire et en se pr\u00e9servant d'un \"\u00e9panouissement\" potentiel.<br \/>\nJ'ai pris plaisir \u00e0 lire votre travail, Doug, et j'ai h\u00e2te de relire les deux premiers.<\/p>\n<\/div>\n\n<div class=\"wp-block-comment-reply-link has-small-font-size\"><a rel=\"nofollow\" class=\"comment-reply-link\" href=\"#comment-58\" data-commentid=\"58\" data-postid=\"1088\" data-belowelement=\"comment-58\" data-respondelement=\"respond\" data-replyto=\"R\u00e9pondre \u00e0 Dan McDermott\" aria-label=\"R\u00e9pondre \u00e0 Dan McDermott\">R\u00e9pondre<\/a><\/div><\/div>\n<\/div>\n\n<\/li><\/ol>\n\n\n\n\t<div id=\"respond\" class=\"comment-respond wp-block-post-comments-form\">\n\t\t<h3 id=\"reply-title\" class=\"comment-reply-title\">Laisser un commentaire <small><a rel=\"nofollow\" id=\"cancel-comment-reply-link\" href=\"\/fr\/wp-json\/wp\/v2\/posts\/1088#respond\" style=\"display:none;\">Annuler la r\u00e9ponse<\/a><\/small><\/h3><form action=\"https:\/\/whoweare.elementor.cloud\/wp-comments-post.php\" method=\"post\" id=\"commentform\" class=\"comment-form\" data-trp-original-action=\"https:\/\/whoweare.elementor.cloud\/wp-comments-post.php\"><p class=\"comment-notes\"><span id=\"email-notes\">Votre adresse e-mail ne sera pas publi\u00e9e.<\/span> <span class=\"required-field-message\">Les champs obligatoires sont indiqu\u00e9s avec <span class=\"required\">*<\/span><\/span><\/p><p class=\"comment-form-comment\"><label for=\"comment\">Commentaire <span class=\"required\">*<\/span><\/label> <textarea id=\"comment\" name=\"comment\" cols=\"45\" rows=\"8\" maxlength=\"65525\" required><\/textarea><\/p><p class=\"comment-form-author\"><label for=\"author\">Nom <span class=\"required\">*<\/span><\/label> <input id=\"author\" name=\"author\" type=\"text\" value=\"\" size=\"30\" maxlength=\"245\" autocomplete=\"name\" required \/><\/p>\n<p class=\"comment-form-email\"><label for=\"email\">Courrier \u00e9lectronique <span class=\"required\">*<\/span><\/label> <input id=\"email\" name=\"email\" type=\"email\" value=\"\" size=\"30\" maxlength=\"100\" aria-describedby=\"email-notes\" autocomplete=\"email\" required \/><\/p>\n<p class=\"comment-form-url\"><label for=\"url\">Site web<\/label> <input id=\"url\" name=\"url\" type=\"url\" value=\"\" size=\"30\" maxlength=\"200\" autocomplete=\"url\" \/><\/p>\n<p class=\"comment-form-cookies-consent\"><input id=\"wp-comment-cookies-consent\" name=\"wp-comment-cookies-consent\" type=\"checkbox\" value=\"yes\" \/> <label for=\"wp-comment-cookies-consent\">Enregistrer mon nom, mon e-mail et mon site dans le navigateur pour mon prochain commentaire.<\/label><\/p>\n<p class=\"form-submit\"><input name=\"submit\" type=\"submit\" id=\"submit\" class=\"submit\" value=\"Laisser un commentaire\" \/> <input type='hidden' name='comment_post_ID' value='1088' id='comment_post_ID' \/>\n<input type='hidden' name='comment_parent' id='comment_parent' value='0' \/>\n<\/p><input type=\"hidden\" name=\"trp-form-language\" value=\"fr\"\/><\/form>\t<\/div><!-- #respond -->\n\t<\/div>\n\n\n\n<p><\/p>","protected":false},"excerpt":{"rendered":"<p>La vie actuelle est un t\u00e9moignage du pass\u00e9 ancien<\/p>","protected":false},"author":1687,"featured_media":1089,"comment_status":"open","ping_status":"closed","sticky":false,"template":"","format":"standard","meta":{"footnotes":""},"categories":[68],"tags":[102,69,101,37,103,72,100,99,92,70,28,71],"class_list":["post-1088","post","type-post","status-publish","format-standard","has-post-thumbnail","hentry","category-consciousness","tag-aversion","tag-consciousness","tag-desire","tag-evolution","tag-evolutionary-psychology","tag-experience","tag-free-will","tag-joseph-ledoux","tag-neuroscience","tag-perception","tag-psychology","tag-reality"],"yoast_head":"<!-- This site is optimized with the Yoast SEO plugin v27.4 - https:\/\/yoast.com\/product\/yoast-seo-wordpress\/ -->\n<title>Evolutionary Psychology - whoweare<\/title>\n<meta name=\"description\" content=\"From cells to selfhood \u2014how evolutionary psychology shapes consciousness, identity, and the stories we live by.\" \/>\n<meta name=\"robots\" content=\"index, follow, max-snippet:-1, max-image-preview:large, max-video-preview:-1\" \/>\n<link rel=\"canonical\" href=\"https:\/\/whoweare.elementor.cloud\/fr\/evolutionary-psychology-and-the-self\/\" \/>\n<meta property=\"og:locale\" content=\"fr_FR\" \/>\n<meta property=\"og:type\" content=\"article\" \/>\n<meta property=\"og:title\" content=\"Evolutionary Psychology - whoweare\" \/>\n<meta property=\"og:description\" content=\"From cells to selfhood \u2014how evolutionary psychology shapes consciousness, identity, and the stories we live by.\" \/>\n<meta property=\"og:url\" content=\"https:\/\/whoweare.elementor.cloud\/fr\/evolutionary-psychology-and-the-self\/\" \/>\n<meta property=\"og:site_name\" content=\"whoweare\" \/>\n<meta property=\"article:publisher\" content=\"https:\/\/www.facebook.com\/macdougdoug\" \/>\n<meta property=\"article:author\" content=\"https:\/\/www.facebook.com\/macdougdoug\" \/>\n<meta property=\"article:published_time\" content=\"2025-04-13T18:54:22+00:00\" \/>\n<meta property=\"article:modified_time\" content=\"2025-05-11T11:03:07+00:00\" \/>\n<meta property=\"og:image\" content=\"https:\/\/whoweare.elementor.cloud\/wp-content\/uploads\/2025\/04\/Creation-of-adam.webp\" \/>\n\t<meta property=\"og:image:width\" content=\"1100\" \/>\n\t<meta property=\"og:image:height\" content=\"841\" \/>\n\t<meta property=\"og:image:type\" content=\"image\/webp\" \/>\n<meta name=\"author\" content=\"macdougdoug\" \/>\n<meta name=\"twitter:card\" content=\"summary_large_image\" \/>\n<meta name=\"twitter:label1\" content=\"\u00c9crit par\" \/>\n\t<meta name=\"twitter:data1\" content=\"macdougdoug\" \/>\n\t<meta name=\"twitter:label2\" content=\"Dur\u00e9e de lecture estim\u00e9e\" \/>\n\t<meta name=\"twitter:data2\" content=\"14 minutes\" \/>\n<script type=\"application\/ld+json\" class=\"yoast-schema-graph\">{\"@context\":\"https:\\\/\\\/schema.org\",\"@graph\":[{\"@type\":\"Article\",\"@id\":\"https:\\\/\\\/whoweare.elementor.cloud\\\/evolutionary-psychology-and-the-self\\\/#article\",\"isPartOf\":{\"@id\":\"https:\\\/\\\/whoweare.elementor.cloud\\\/evolutionary-psychology-and-the-self\\\/\"},\"author\":{\"name\":\"macdougdoug\",\"@id\":\"https:\\\/\\\/whoweare.elementor.cloud\\\/en\\\/#\\\/schema\\\/person\\\/186cc965a635e590458e79b18cf784c4\"},\"headline\":\"Evolutionary Psychology\",\"datePublished\":\"2025-04-13T18:54:22+00:00\",\"dateModified\":\"2025-05-11T11:03:07+00:00\",\"mainEntityOfPage\":{\"@id\":\"https:\\\/\\\/whoweare.elementor.cloud\\\/evolutionary-psychology-and-the-self\\\/\"},\"wordCount\":3170,\"commentCount\":1,\"publisher\":{\"@id\":\"https:\\\/\\\/whoweare.elementor.cloud\\\/en\\\/#\\\/schema\\\/person\\\/186cc965a635e590458e79b18cf784c4\"},\"image\":{\"@id\":\"https:\\\/\\\/whoweare.elementor.cloud\\\/evolutionary-psychology-and-the-self\\\/#primaryimage\"},\"thumbnailUrl\":\"https:\\\/\\\/whoweare.elementor.cloud\\\/wp-content\\\/uploads\\\/2025\\\/04\\\/Creation-of-adam.webp\",\"keywords\":[\"aversion\",\"consciousness\",\"desire\",\"evolution\",\"evolutionary psychology\",\"experience\",\"free will\",\"Joseph Ledoux\",\"neuroscience\",\"perception\",\"psychology\",\"reality\"],\"articleSection\":[\"consciousness\"],\"inLanguage\":\"fr-FR\",\"potentialAction\":[{\"@type\":\"CommentAction\",\"name\":\"Comment\",\"target\":[\"https:\\\/\\\/whoweare.elementor.cloud\\\/evolutionary-psychology-and-the-self\\\/#respond\"]}]},{\"@type\":\"WebPage\",\"@id\":\"https:\\\/\\\/whoweare.elementor.cloud\\\/evolutionary-psychology-and-the-self\\\/\",\"url\":\"https:\\\/\\\/whoweare.elementor.cloud\\\/evolutionary-psychology-and-the-self\\\/\",\"name\":\"Evolutionary Psychology - whoweare\",\"isPartOf\":{\"@id\":\"https:\\\/\\\/whoweare.elementor.cloud\\\/en\\\/#website\"},\"primaryImageOfPage\":{\"@id\":\"https:\\\/\\\/whoweare.elementor.cloud\\\/evolutionary-psychology-and-the-self\\\/#primaryimage\"},\"image\":{\"@id\":\"https:\\\/\\\/whoweare.elementor.cloud\\\/evolutionary-psychology-and-the-self\\\/#primaryimage\"},\"thumbnailUrl\":\"https:\\\/\\\/whoweare.elementor.cloud\\\/wp-content\\\/uploads\\\/2025\\\/04\\\/Creation-of-adam.webp\",\"datePublished\":\"2025-04-13T18:54:22+00:00\",\"dateModified\":\"2025-05-11T11:03:07+00:00\",\"description\":\"From cells to selfhood \u2014how evolutionary psychology shapes consciousness, identity, and the stories we live by.\",\"breadcrumb\":{\"@id\":\"https:\\\/\\\/whoweare.elementor.cloud\\\/evolutionary-psychology-and-the-self\\\/#breadcrumb\"},\"inLanguage\":\"fr-FR\",\"potentialAction\":[{\"@type\":\"ReadAction\",\"target\":[\"https:\\\/\\\/whoweare.elementor.cloud\\\/evolutionary-psychology-and-the-self\\\/\"]}]},{\"@type\":\"ImageObject\",\"inLanguage\":\"fr-FR\",\"@id\":\"https:\\\/\\\/whoweare.elementor.cloud\\\/evolutionary-psychology-and-the-self\\\/#primaryimage\",\"url\":\"https:\\\/\\\/whoweare.elementor.cloud\\\/wp-content\\\/uploads\\\/2025\\\/04\\\/Creation-of-adam.webp\",\"contentUrl\":\"https:\\\/\\\/whoweare.elementor.cloud\\\/wp-content\\\/uploads\\\/2025\\\/04\\\/Creation-of-adam.webp\",\"width\":1100,\"height\":841,\"caption\":\"creation of Adam\"},{\"@type\":\"BreadcrumbList\",\"@id\":\"https:\\\/\\\/whoweare.elementor.cloud\\\/evolutionary-psychology-and-the-self\\\/#breadcrumb\",\"itemListElement\":[{\"@type\":\"ListItem\",\"position\":1,\"name\":\"Home\",\"item\":\"https:\\\/\\\/whoweare.elementor.cloud\\\/\"},{\"@type\":\"ListItem\",\"position\":2,\"name\":\"Evolutionary Psychology\"}]},{\"@type\":\"WebSite\",\"@id\":\"https:\\\/\\\/whoweare.elementor.cloud\\\/en\\\/#website\",\"url\":\"https:\\\/\\\/whoweare.elementor.cloud\\\/en\\\/\",\"name\":\"whoweare\",\"description\":\"Exploring humanity&#039;s potential\",\"publisher\":{\"@id\":\"https:\\\/\\\/whoweare.elementor.cloud\\\/en\\\/#\\\/schema\\\/person\\\/186cc965a635e590458e79b18cf784c4\"},\"potentialAction\":[{\"@type\":\"SearchAction\",\"target\":{\"@type\":\"EntryPoint\",\"urlTemplate\":\"https:\\\/\\\/whoweare.elementor.cloud\\\/en\\\/?s={search_term_string}\"},\"query-input\":{\"@type\":\"PropertyValueSpecification\",\"valueRequired\":true,\"valueName\":\"search_term_string\"}}],\"inLanguage\":\"fr-FR\"},{\"@type\":[\"Person\",\"Organization\"],\"@id\":\"https:\\\/\\\/whoweare.elementor.cloud\\\/en\\\/#\\\/schema\\\/person\\\/186cc965a635e590458e79b18cf784c4\",\"name\":\"macdougdoug\",\"image\":{\"@type\":\"ImageObject\",\"inLanguage\":\"fr-FR\",\"@id\":\"https:\\\/\\\/whoweare.elementor.cloud\\\/wp-content\\\/uploads\\\/2022\\\/06\\\/header-logo.png\",\"url\":\"https:\\\/\\\/whoweare.elementor.cloud\\\/wp-content\\\/uploads\\\/2022\\\/06\\\/header-logo.png\",\"contentUrl\":\"https:\\\/\\\/whoweare.elementor.cloud\\\/wp-content\\\/uploads\\\/2022\\\/06\\\/header-logo.png\",\"width\":1009,\"height\":449,\"caption\":\"macdougdoug\"},\"logo\":{\"@id\":\"https:\\\/\\\/whoweare.elementor.cloud\\\/wp-content\\\/uploads\\\/2022\\\/06\\\/header-logo.png\"},\"sameAs\":[\"https:\\\/\\\/www.facebook.com\\\/macdougdoug\",\"https:\\\/\\\/macdougdoug.tumblr.com\\\/\"],\"url\":\"https:\\\/\\\/whoweare.elementor.cloud\\\/fr\\\/author\\\/user628ba7ac0c87f\\\/\"}]}<\/script>\n<!-- \/ Yoast SEO plugin. -->","yoast_head_json":{"title":"Evolutionary Psychology - whoweare","description":"From cells to selfhood \u2014how evolutionary psychology shapes consciousness, identity, and the stories we live by.","robots":{"index":"index","follow":"follow","max-snippet":"max-snippet:-1","max-image-preview":"max-image-preview:large","max-video-preview":"max-video-preview:-1"},"canonical":"https:\/\/whoweare.elementor.cloud\/fr\/evolutionary-psychology-and-the-self\/","og_locale":"fr_FR","og_type":"article","og_title":"Evolutionary Psychology - whoweare","og_description":"From cells to selfhood \u2014how evolutionary psychology shapes consciousness, identity, and the stories we live by.","og_url":"https:\/\/whoweare.elementor.cloud\/fr\/evolutionary-psychology-and-the-self\/","og_site_name":"whoweare","article_publisher":"https:\/\/www.facebook.com\/macdougdoug","article_author":"https:\/\/www.facebook.com\/macdougdoug","article_published_time":"2025-04-13T18:54:22+00:00","article_modified_time":"2025-05-11T11:03:07+00:00","og_image":[{"width":1100,"height":841,"url":"https:\/\/whoweare.elementor.cloud\/wp-content\/uploads\/2025\/04\/Creation-of-adam.webp","type":"image\/webp"}],"author":"macdougdoug","twitter_card":"summary_large_image","twitter_misc":{"\u00c9crit par":"macdougdoug","Dur\u00e9e de lecture estim\u00e9e":"14 minutes"},"schema":{"@context":"https:\/\/schema.org","@graph":[{"@type":"Article","@id":"https:\/\/whoweare.elementor.cloud\/evolutionary-psychology-and-the-self\/#article","isPartOf":{"@id":"https:\/\/whoweare.elementor.cloud\/evolutionary-psychology-and-the-self\/"},"author":{"name":"macdougdoug","@id":"https:\/\/whoweare.elementor.cloud\/en\/#\/schema\/person\/186cc965a635e590458e79b18cf784c4"},"headline":"Evolutionary Psychology","datePublished":"2025-04-13T18:54:22+00:00","dateModified":"2025-05-11T11:03:07+00:00","mainEntityOfPage":{"@id":"https:\/\/whoweare.elementor.cloud\/evolutionary-psychology-and-the-self\/"},"wordCount":3170,"commentCount":1,"publisher":{"@id":"https:\/\/whoweare.elementor.cloud\/en\/#\/schema\/person\/186cc965a635e590458e79b18cf784c4"},"image":{"@id":"https:\/\/whoweare.elementor.cloud\/evolutionary-psychology-and-the-self\/#primaryimage"},"thumbnailUrl":"https:\/\/whoweare.elementor.cloud\/wp-content\/uploads\/2025\/04\/Creation-of-adam.webp","keywords":["aversion","consciousness","desire","evolution","evolutionary psychology","experience","free will","Joseph Ledoux","neuroscience","perception","psychology","reality"],"articleSection":["consciousness"],"inLanguage":"fr-FR","potentialAction":[{"@type":"CommentAction","name":"Comment","target":["https:\/\/whoweare.elementor.cloud\/evolutionary-psychology-and-the-self\/#respond"]}]},{"@type":"WebPage","@id":"https:\/\/whoweare.elementor.cloud\/evolutionary-psychology-and-the-self\/","url":"https:\/\/whoweare.elementor.cloud\/evolutionary-psychology-and-the-self\/","name":"Evolutionary Psychology - whoweare","isPartOf":{"@id":"https:\/\/whoweare.elementor.cloud\/en\/#website"},"primaryImageOfPage":{"@id":"https:\/\/whoweare.elementor.cloud\/evolutionary-psychology-and-the-self\/#primaryimage"},"image":{"@id":"https:\/\/whoweare.elementor.cloud\/evolutionary-psychology-and-the-self\/#primaryimage"},"thumbnailUrl":"https:\/\/whoweare.elementor.cloud\/wp-content\/uploads\/2025\/04\/Creation-of-adam.webp","datePublished":"2025-04-13T18:54:22+00:00","dateModified":"2025-05-11T11:03:07+00:00","description":"From cells to selfhood \u2014how evolutionary psychology shapes consciousness, identity, and the stories we live by.","breadcrumb":{"@id":"https:\/\/whoweare.elementor.cloud\/evolutionary-psychology-and-the-self\/#breadcrumb"},"inLanguage":"fr-FR","potentialAction":[{"@type":"ReadAction","target":["https:\/\/whoweare.elementor.cloud\/evolutionary-psychology-and-the-self\/"]}]},{"@type":"ImageObject","inLanguage":"fr-FR","@id":"https:\/\/whoweare.elementor.cloud\/evolutionary-psychology-and-the-self\/#primaryimage","url":"https:\/\/whoweare.elementor.cloud\/wp-content\/uploads\/2025\/04\/Creation-of-adam.webp","contentUrl":"https:\/\/whoweare.elementor.cloud\/wp-content\/uploads\/2025\/04\/Creation-of-adam.webp","width":1100,"height":841,"caption":"creation of Adam"},{"@type":"BreadcrumbList","@id":"https:\/\/whoweare.elementor.cloud\/evolutionary-psychology-and-the-self\/#breadcrumb","itemListElement":[{"@type":"ListItem","position":1,"name":"Home","item":"https:\/\/whoweare.elementor.cloud\/"},{"@type":"ListItem","position":2,"name":"Evolutionary Psychology"}]},{"@type":"WebSite","@id":"https:\/\/whoweare.elementor.cloud\/en\/#website","url":"https:\/\/whoweare.elementor.cloud\/en\/","name":"qui sont","description":"Explorer le potentiel de l'humanit\u00e9","publisher":{"@id":"https:\/\/whoweare.elementor.cloud\/en\/#\/schema\/person\/186cc965a635e590458e79b18cf784c4"},"potentialAction":[{"@type":"SearchAction","target":{"@type":"EntryPoint","urlTemplate":"https:\/\/whoweare.elementor.cloud\/en\/?s={search_term_string}"},"query-input":{"@type":"PropertyValueSpecification","valueRequired":true,"valueName":"search_term_string"}}],"inLanguage":"fr-FR"},{"@type":["Person","Organization"],"@id":"https:\/\/whoweare.elementor.cloud\/en\/#\/schema\/person\/186cc965a635e590458e79b18cf784c4","name":"macdougdoug","image":{"@type":"ImageObject","inLanguage":"fr-FR","@id":"https:\/\/whoweare.elementor.cloud\/wp-content\/uploads\/2022\/06\/header-logo.png","url":"https:\/\/whoweare.elementor.cloud\/wp-content\/uploads\/2022\/06\/header-logo.png","contentUrl":"https:\/\/whoweare.elementor.cloud\/wp-content\/uploads\/2022\/06\/header-logo.png","width":1009,"height":449,"caption":"macdougdoug"},"logo":{"@id":"https:\/\/whoweare.elementor.cloud\/wp-content\/uploads\/2022\/06\/header-logo.png"},"sameAs":["https:\/\/www.facebook.com\/macdougdoug","https:\/\/macdougdoug.tumblr.com\/"],"url":"https:\/\/whoweare.elementor.cloud\/fr\/author\/user628ba7ac0c87f\/"}]}},"_links":{"self":[{"href":"https:\/\/whoweare.elementor.cloud\/fr\/wp-json\/wp\/v2\/posts\/1088","targetHints":{"allow":["GET"]}}],"collection":[{"href":"https:\/\/whoweare.elementor.cloud\/fr\/wp-json\/wp\/v2\/posts"}],"about":[{"href":"https:\/\/whoweare.elementor.cloud\/fr\/wp-json\/wp\/v2\/types\/post"}],"author":[{"embeddable":true,"href":"https:\/\/whoweare.elementor.cloud\/fr\/wp-json\/wp\/v2\/users\/1687"}],"replies":[{"embeddable":true,"href":"https:\/\/whoweare.elementor.cloud\/fr\/wp-json\/wp\/v2\/comments?post=1088"}],"version-history":[{"count":4,"href":"https:\/\/whoweare.elementor.cloud\/fr\/wp-json\/wp\/v2\/posts\/1088\/revisions"}],"predecessor-version":[{"id":1102,"href":"https:\/\/whoweare.elementor.cloud\/fr\/wp-json\/wp\/v2\/posts\/1088\/revisions\/1102"}],"wp:featuredmedia":[{"embeddable":true,"href":"https:\/\/whoweare.elementor.cloud\/fr\/wp-json\/wp\/v2\/media\/1089"}],"wp:attachment":[{"href":"https:\/\/whoweare.elementor.cloud\/fr\/wp-json\/wp\/v2\/media?parent=1088"}],"wp:term":[{"taxonomy":"category","embeddable":true,"href":"https:\/\/whoweare.elementor.cloud\/fr\/wp-json\/wp\/v2\/categories?post=1088"},{"taxonomy":"post_tag","embeddable":true,"href":"https:\/\/whoweare.elementor.cloud\/fr\/wp-json\/wp\/v2\/tags?post=1088"}],"curies":[{"name":"wp","href":"https:\/\/api.w.org\/{rel}","templated":true}]}}